{"id":3585,"date":"2024-02-14T10:47:53","date_gmt":"2024-02-14T10:47:53","guid":{"rendered":"https:\/\/universidadpyme.fundae.es\/madrid\/?p=3585"},"modified":"2024-02-28T12:38:39","modified_gmt":"2024-02-28T12:38:39","slug":"universidad-pyme-llega-a-cordoba","status":"publish","type":"post","link":"https:\/\/universidadpyme.fundae.es\/cordoba\/2024\/02\/14\/universidad-pyme-llega-a-cordoba\/","title":{"rendered":"Universidad Pyme llega a C\u00f3rdoba"},"content":{"rendered":"<section class=\"wpb-content-wrapper\"><p>[vc_row][vc_column width=\u00bb1\/6&#8243;][\/vc_column][vc_column width=\u00bb2\/3&#8243;][vc_column_text]14\/02\/2024 El D\u00eda de C\u00f3rdoba &#8211;<\/p>\n<p>&nbsp;<\/p>\n<p>Las pymes, aut\u00f3nomos, emprendedores y profesionales tienen una cita en C\u00f3rdoba con el progreso, la empleabilidad y la transformaci\u00f3n digital del sector agro<\/p>\n<p>&nbsp;<\/p>\n<p class=\"mce\">Universidad Pyme es una apuesta \u00fanica de\u00a0<strong class=\"mce\">Fundae<\/strong>\u00a0y\u00a0<strong class=\"mce\">SEPE<\/strong>\u00a0hacia el progreso, la mejora y la digitalizaci\u00f3n de las pymes y aut\u00f3nomos de nuestro pa\u00eds. En esta ocasi\u00f3n, en colaboraci\u00f3n de la Junta de Andaluc\u00eda, llega a C\u00f3rdoba para centrarse en el sector agro de la regi\u00f3n, con el foco en las pymes, las personas trabajadoras, pero tambi\u00e9n en aquellas que se van a incorporar a este sector vital en la econom\u00eda nacional..<\/p>\n<p class=\"mce\"><strong class=\"mce\">Fundae<\/strong>,\u00a0<strong class=\"mce\">SEPE<\/strong>\u00a0y la\u00a0<strong class=\"mce\">Junta de Andaluc\u00eda<\/strong>, se unen para organizar los d\u00edas 21 y 22 de febrero de 9:00 a 14:00 horas en el Palacio de Congresos de C\u00f3rdoba (C\/ Torrijos, 10),\u00a0<strong class=\"mce\">\u201cSembramos Futuro: Digitalizaci\u00f3n, Formaci\u00f3n y Empleo Agrario\u201d<\/strong>, un evento de acceso gratuito donde los asistentes podr\u00e1n participar de:<\/p>\n<ul class=\"mce\">\n<li class=\"mce\">Las \u00faltimas innovaciones del sector<\/li>\n<li class=\"mce\">Historias inspiradoras de \u00e9xito sobre la digitalizaci\u00f3n del sector agrario.<\/li>\n<li class=\"mce\">Ponencias y mesas redondas que van m\u00e1s all\u00e1 de lo convencional.<\/li>\n<li class=\"mce\">Informaci\u00f3n y oportunidades de crecimiento a nivel profesional.<\/li>\n<li class=\"mce\">Zona de expositores y de actividades complementarias.<\/li>\n<li class=\"mce\">Espacio de networking para contactar, conectar y crear alianzas.<\/li>\n<li class=\"mce\">Visitas guiadas a instalaciones agrarias altamente tecnol\u00f3gicas.<\/li>\n<\/ul>\n<p class=\"mce\">En esta ocasi\u00f3n\u00a0<strong class=\"mce\">Universidad Pyme<\/strong>\u00a0trae a ponentes de primer nivel de entidades p\u00fablicas y privadas y propone distintos espacios de actividades:\u00a0<strong class=\"mce\">ponencias<\/strong>,\u00a0<strong class=\"mce\">talleres<\/strong>,\u00a0<strong class=\"mce\">casos de \u00e9xito<\/strong>,\u00a0<strong class=\"mce\">visitas<\/strong>\u00a0y &#8216;<strong class=\"mce\"><em class=\"mce\">networking<\/em><\/strong>&#8216; para potenciar alianzas entre empresas y personas que desean mejorar su situaci\u00f3n en el mercado. Con las \u00faltimas novedades y atendiendo a los cambios que est\u00e1 experimentando el sector impulsado por la\u00a0<strong class=\"mce\">revoluci\u00f3n digital<\/strong>, las\u00a0<strong class=\"mce\">nuevas tecnolog\u00edas<\/strong>\u00a0y el\u00a0<strong class=\"mce\">medio ambiente<\/strong>. Cambios que est\u00e1n transformando la forma en la que se cultiva, se gestiona, se transforman y se comercializan los productos agr\u00edcolas en nuestro pa\u00eds.<\/p>\n<p class=\"mce\">Adem\u00e1s, el mi\u00e9rcoles 21 la jornada se extender\u00e1 por la tarde, donde las personas interesadas,\u00a0previa inscripci\u00f3n, podr\u00e1n realizar visitas guiadas a empresas del sector que han mejorado exponencialmente su eficiencia gracias a la aplicaci\u00f3n de tecnolog\u00eda.<\/p>\n<p class=\"mce\">A la\u00a0<strong class=\"mce\">apertura<\/strong>\u00a0acudir\u00e1n\u00a0<strong class=\"mce\">Antonio de Luis<\/strong>, Director Gerente de Fundae,\u00a0<strong class=\"mce\">Roc\u00edo Blanco<\/strong>, Consejera de Agricultura, Pesca, Agua y Desarrolla Rural de la Junta de Andaluc\u00eda, as\u00ed como\u00a0<strong class=\"mce\">Carmen Crespo D\u00edaz<\/strong>, Consejera de Agricultura, Pesca, Agua y Desarrollo Rural de la Junta de Andaluc\u00eda y\u00a0<strong class=\"mce\">Francisco Moreno Chamarro<\/strong>, representante de CC.OO. en el Patronato de Fundae.<\/p>\n<p class=\"mce\">Entre las ponencias y mesas redondas que tendr\u00e1n lugar durante la jornada del 21de febrero, se encuentran \u201cLa adopci\u00f3n de la tecnolog\u00eda digital en el sector agroalimentario\u201d, \u201cPerfiles y competencias digitales en el sector agrario y alimentario\u201d, \u201cLa implementaci\u00f3n de procesos de transformaci\u00f3n e innovaci\u00f3n en empresas ganaderas\u201d, adem\u00e1s, se incorpora un formato de presentaci\u00f3n conocido como\u00a0<strong class=\"mce\">PechaKucha<\/strong>, donde en 20 diapositivas de 20 segundos cada una, diferentes empresas expondr\u00e1n sus proyectos digitales en el sector agrario.<\/p>\n<p class=\"mce\">Ese mismo d\u00eda por la tarde, mi\u00e9rcoles 21, habr\u00e1 una mesa redonda sobre \u201cEl papel de los medios de comunicaci\u00f3n en la digitalizaci\u00f3n agraria\u201d y se realizar\u00e1n visitas a dos empresas agr\u00edcolas con tecnolog\u00eda puntera: \u201cInvernadero del Clima futuro (IFAPA)\u201d y \u201cUniversidad de C\u00f3rdoba, finca experimental de Rabanales\u201d, con plazas limitadas\u00a0<a class=\"mce\" href=\"https:\/\/www.fundae.es\/actualidad\/universidad-pyme\/universidad-pyme-c%C3%B3rdoba\/universidad-pyme-c%C3%B3rdoba---inscripci%C3%B3n\" target=\"_blank\" rel=\"dofollow noopener\">previa inscripci\u00f3n<\/a>.<\/p>\n<p class=\"mce\">El \u00faltimo d\u00eda, las ponencias se centran en las \u201coportunidades de empleo para las personas emprendedoras y pymes del sector agrario\u201d, y otra jornada Pechakucha de \u201cProyectos excelentes\u201d, \u201cDatos y tecnolog\u00edas habilitadoras en las pymes del sector (Agricultura eficiente y sostenible basada en datos\u201d, entre otras.<\/p>\n<p class=\"mce\">Para ver el programa completo visita la\u00a0<a class=\"mce\" href=\"https:\/\/www.fundae.es\/actualidad\/universidad-pyme\/universidad-pyme-c%C3%B3rdoba\/universidad-pyme-c%C3%B3rdoba---programa\" target=\"_blank\" rel=\"dofollow noopener\">web de Universidad Pyme<\/a>\u00a0El evento es totalmente\u00a0<strong class=\"mce\">gratuito<\/strong>\u00a0y solo requiere\u00a0inscripci\u00f3n.<\/p>\n<p class=\"mce\">Universidad Pyme es un proyecto promovido por SEPE y Fundae, y financiado por fondos Next Generation, que tiene por objetivo poner a disposici\u00f3n de pymes, aut\u00f3nomos y emprendedores nuevos recursos digitales y formativos para impulsar \u201cla formaci\u00f3n en competencias digitales a lo largo de la vida laboral (<em class=\"mce\">upskilling<\/em>\u00a0y\u00a0<em class=\"mce\">reskilling<\/em>, tanto de las personas desempleadas como empleadas), y el desarrollo de competencias digitales para las pymes\u201d.<\/p>\n<p><em>\u00a0 \u00a0 \u00a0 \u00a0 \u00a0 \u00a0 \u00a0 \u00a0 \u00a0 \u00a0 \u00a0 \u00a0 \u00a0 \u00a0 \u00a0 \u00a0 \u00a0 \u00a0 \u00a0 \u00a0 \u00a0 \u00a0 \u00a0 \u00a0 \u00a0 \u00a0 \u00a0 \u00a0 \u00a0 \u00a0 \u00a0 \u00a0 \u00a0 \u00a0 \u00a0 \u00a0 \u00a0 \u00a0 \u00a0 \u00a0 \u00a0 \u00a0 \u00a0 \u00a0 \u00a0 \u00a0 \u00a0 \u00a0 \u00a0 \u00a0 \u00a0 \u00a0 \u00a0 \u00a0 \u00a0 \u00a0 \u00a0 \u00a0 \u00a0 \u00a0 \u00a0 \u00a0 \u00a0 \u00a0 \u00a0 \u00a0 \u00a0 \u00a0 \u00a0 \u00a0 \u00a0 \u00a0 \u00a0 \u00a0 \u00a0 \u00a0 \u00a0 \u00a0 \u00a0 \u00a0 \u00a0 \u00a0 \u00a0 \u00a0 \u00a0 \u00a0 \u00a0 \u00a0 \u00a0 \u00a0 \u00a0 \u00a0 \u00a0 \u00a0 \u00a0\u00a0<\/em>[\/vc_column_text][vc_empty_space height=\u00bb50&#8243;][\/vc_column][vc_column width=\u00bb1\/6&#8243;][\/vc_column][\/vc_row]<\/p>\n<\/section>","protected":false},"excerpt":{"rendered":"<p>[vc_row][vc_column width=\u00bb1\/6&#8243;][\/vc_column][vc_column width=\u00bb2\/3&#8243;][vc_column_text]14\/02\/2024 El D\u00eda de C\u00f3rdoba &#8211; &nbsp; Las pymes, aut\u00f3nomos, emprendedores y profesionales tienen una cita en C\u00f3rdoba con el progreso, la empleabilidad y la transformaci\u00f3n digital del sector agro &nbsp; Universidad Pyme es una apuesta \u00fanica de\u00a0Fundae\u00a0y\u00a0SEPE\u00a0hacia el progreso, la mejora y la digitalizaci\u00f3n de las pymes y aut\u00f3nomos de nuestro pa\u00eds.&hellip;<\/p>\n","protected":false},"author":1,"featured_media":5108,"comment_status":"closed","ping_status":"closed","sticky":false,"template":"template-microsite.php","format":"standard","meta":{"footnotes":""},"categories":[1],"tags":[],"class_list":["post-3585","post","type-post","status-publish","format-standard","has-post-thumbnail","hentry","category-sin-categoria","category-1","description-off"],"yoast_head":"<!-- This site is optimized with the Yoast SEO plugin v22.5 - https:\/\/yoast.com\/wordpress\/plugins\/seo\/ -->\n<title>Universidad Pyme llega a C\u00f3rdoba - Universidad PYME C\u00f3rdoba<\/title>\n<meta name=\"robots\" content=\"index, follow, max-snippet:-1, max-image-preview:large, max-video-preview:-1\" \/>\n<link rel=\"canonical\" href=\"https:\/\/universidadpyme.fundae.es\/cordoba\/2024\/02\/14\/universidad-pyme-llega-a-cordoba\/\" \/>\n<meta property=\"og:locale\" content=\"es_ES\" \/>\n<meta property=\"og:type\" content=\"article\" \/>\n<meta property=\"og:title\" content=\"Universidad Pyme llega a C\u00f3rdoba - Universidad PYME C\u00f3rdoba\" \/>\n<meta property=\"og:description\" content=\"[vc_row][vc_column width=\u00bb1\/6&#8243;][\/vc_column][vc_column width=\u00bb2\/3&#8243;][vc_column_text]14\/02\/2024 El D\u00eda de C\u00f3rdoba &#8211; &nbsp; Las pymes, aut\u00f3nomos, emprendedores y profesionales tienen una cita en C\u00f3rdoba con el progreso, la empleabilidad y la transformaci\u00f3n digital del sector agro &nbsp; Universidad Pyme es una apuesta \u00fanica de\u00a0Fundae\u00a0y\u00a0SEPE\u00a0hacia el progreso, la mejora y la digitalizaci\u00f3n de las pymes y aut\u00f3nomos de nuestro pa\u00eds.&hellip;\" \/>\n<meta property=\"og:url\" content=\"https:\/\/universidadpyme.fundae.es\/cordoba\/2024\/02\/14\/universidad-pyme-llega-a-cordoba\/\" \/>\n<meta property=\"og:site_name\" content=\"Universidad PYME C\u00f3rdoba\" \/>\n<meta property=\"article:published_time\" content=\"2024-02-14T10:47:53+00:00\" \/>\n<meta property=\"article:modified_time\" content=\"2024-02-28T12:38:39+00:00\" \/>\n<meta property=\"og:image\" content=\"https:\/\/universidadpyme.fundae.es\/cordoba\/wp-content\/uploads\/2024\/02\/el-dia-de-cordoba-foto-web-2.png\" \/>\n\t<meta property=\"og:image:width\" content=\"667\" \/>\n\t<meta property=\"og:image:height\" content=\"375\" \/>\n\t<meta property=\"og:image:type\" content=\"image\/png\" \/>\n<meta name=\"author\" content=\"masanpar\" \/>\n<meta name=\"twitter:card\" content=\"summary_large_image\" \/>\n<meta name=\"twitter:label1\" content=\"Escrito por\" \/>\n\t<meta name=\"twitter:data1\" content=\"masanpar\" \/>\n\t<meta name=\"twitter:label2\" content=\"Tiempo de lectura\" \/>\n\t<meta name=\"twitter:data2\" content=\"4 minutos\" \/>\n<script type=\"application\/ld+json\" class=\"yoast-schema-graph\">{\"@context\":\"https:\/\/schema.org\",\"@graph\":[{\"@type\":\"WebPage\",\"@id\":\"https:\/\/universidadpyme.fundae.es\/cordoba\/2024\/02\/14\/universidad-pyme-llega-a-cordoba\/\",\"url\":\"https:\/\/universidadpyme.fundae.es\/cordoba\/2024\/02\/14\/universidad-pyme-llega-a-cordoba\/\",\"name\":\"Universidad Pyme llega a C\u00f3rdoba - Universidad PYME C\u00f3rdoba\",\"isPartOf\":{\"@id\":\"https:\/\/universidadpyme.fundae.es\/cordoba\/#website\"},\"primaryImageOfPage\":{\"@id\":\"https:\/\/universidadpyme.fundae.es\/cordoba\/2024\/02\/14\/universidad-pyme-llega-a-cordoba\/#primaryimage\"},\"image\":{\"@id\":\"https:\/\/universidadpyme.fundae.es\/cordoba\/2024\/02\/14\/universidad-pyme-llega-a-cordoba\/#primaryimage\"},\"thumbnailUrl\":\"https:\/\/universidadpyme.fundae.es\/cordoba\/wp-content\/uploads\/2024\/02\/el-dia-de-cordoba-foto-web-2.png\",\"datePublished\":\"2024-02-14T10:47:53+00:00\",\"dateModified\":\"2024-02-28T12:38:39+00:00\",\"author\":{\"@id\":\"https:\/\/universidadpyme.fundae.es\/cordoba\/#\/schema\/person\/9e7a0d89eff211453d34e8fdc1be91c5\"},\"breadcrumb\":{\"@id\":\"https:\/\/universidadpyme.fundae.es\/cordoba\/2024\/02\/14\/universidad-pyme-llega-a-cordoba\/#breadcrumb\"},\"inLanguage\":\"es\",\"potentialAction\":[{\"@type\":\"ReadAction\",\"target\":[\"https:\/\/universidadpyme.fundae.es\/cordoba\/2024\/02\/14\/universidad-pyme-llega-a-cordoba\/\"]}]},{\"@type\":\"ImageObject\",\"inLanguage\":\"es\",\"@id\":\"https:\/\/universidadpyme.fundae.es\/cordoba\/2024\/02\/14\/universidad-pyme-llega-a-cordoba\/#primaryimage\",\"url\":\"https:\/\/universidadpyme.fundae.es\/cordoba\/wp-content\/uploads\/2024\/02\/el-dia-de-cordoba-foto-web-2.png\",\"contentUrl\":\"https:\/\/universidadpyme.fundae.es\/cordoba\/wp-content\/uploads\/2024\/02\/el-dia-de-cordoba-foto-web-2.png\",\"width\":667,\"height\":375},{\"@type\":\"BreadcrumbList\",\"@id\":\"https:\/\/universidadpyme.fundae.es\/cordoba\/2024\/02\/14\/universidad-pyme-llega-a-cordoba\/#breadcrumb\",\"itemListElement\":[{\"@type\":\"ListItem\",\"position\":1,\"name\":\"Portada\",\"item\":\"https:\/\/universidadpyme.fundae.es\/cordoba\/\"},{\"@type\":\"ListItem\",\"position\":2,\"name\":\"Universidad Pyme llega a C\u00f3rdoba\"}]},{\"@type\":\"WebSite\",\"@id\":\"https:\/\/universidadpyme.fundae.es\/cordoba\/#website\",\"url\":\"https:\/\/universidadpyme.fundae.es\/cordoba\/\",\"name\":\"Universidad PYME C\u00f3rdoba\",\"description\":\"Otro sitio realizado con WordPress\",\"potentialAction\":[{\"@type\":\"SearchAction\",\"target\":{\"@type\":\"EntryPoint\",\"urlTemplate\":\"https:\/\/universidadpyme.fundae.es\/cordoba\/?s={search_term_string}\"},\"query-input\":\"required name=search_term_string\"}],\"inLanguage\":\"es\"},{\"@type\":\"Person\",\"@id\":\"https:\/\/universidadpyme.fundae.es\/cordoba\/#\/schema\/person\/9e7a0d89eff211453d34e8fdc1be91c5\",\"name\":\"masanpar\",\"image\":{\"@type\":\"ImageObject\",\"inLanguage\":\"es\",\"@id\":\"https:\/\/universidadpyme.fundae.es\/cordoba\/#\/schema\/person\/image\/\",\"url\":\"https:\/\/secure.gravatar.com\/avatar\/828550a18f5db20181edd0945478aaa1ffc54383857d02ec9b53420b716e095f?s=96&d=mm&r=g\",\"contentUrl\":\"https:\/\/secure.gravatar.com\/avatar\/828550a18f5db20181edd0945478aaa1ffc54383857d02ec9b53420b716e095f?s=96&d=mm&r=g\",\"caption\":\"masanpar\"},\"sameAs\":[\"http:\/\/universidadpyme.fundae.es\/aragon\"],\"url\":\"https:\/\/universidadpyme.fundae.es\/cordoba\/author\/masanpar\/\"}]}<\/script>\n<!-- \/ Yoast SEO plugin. -->","yoast_head_json":{"title":"Universidad Pyme llega a C\u00f3rdoba - Universidad PYME C\u00f3rdoba","robots":{"index":"index","follow":"follow","max-snippet":"max-snippet:-1","max-image-preview":"max-image-preview:large","max-video-preview":"max-video-preview:-1"},"canonical":"https:\/\/universidadpyme.fundae.es\/cordoba\/2024\/02\/14\/universidad-pyme-llega-a-cordoba\/","og_locale":"es_ES","og_type":"article","og_title":"Universidad Pyme llega a C\u00f3rdoba - Universidad PYME C\u00f3rdoba","og_description":"[vc_row][vc_column width=\u00bb1\/6&#8243;][\/vc_column][vc_column width=\u00bb2\/3&#8243;][vc_column_text]14\/02\/2024 El D\u00eda de C\u00f3rdoba &#8211; &nbsp; Las pymes, aut\u00f3nomos, emprendedores y profesionales tienen una cita en C\u00f3rdoba con el progreso, la empleabilidad y la transformaci\u00f3n digital del sector agro &nbsp; Universidad Pyme es una apuesta \u00fanica de\u00a0Fundae\u00a0y\u00a0SEPE\u00a0hacia el progreso, la mejora y la digitalizaci\u00f3n de las pymes y aut\u00f3nomos de nuestro pa\u00eds.&hellip;","og_url":"https:\/\/universidadpyme.fundae.es\/cordoba\/2024\/02\/14\/universidad-pyme-llega-a-cordoba\/","og_site_name":"Universidad PYME C\u00f3rdoba","article_published_time":"2024-02-14T10:47:53+00:00","article_modified_time":"2024-02-28T12:38:39+00:00","og_image":[{"width":667,"height":375,"url":"https:\/\/universidadpyme.fundae.es\/cordoba\/wp-content\/uploads\/2024\/02\/el-dia-de-cordoba-foto-web-2.png","type":"image\/png"}],"author":"masanpar","twitter_card":"summary_large_image","twitter_misc":{"Escrito por":"masanpar","Tiempo de lectura":"4 minutos"},"schema":{"@context":"https:\/\/schema.org","@graph":[{"@type":"WebPage","@id":"https:\/\/universidadpyme.fundae.es\/cordoba\/2024\/02\/14\/universidad-pyme-llega-a-cordoba\/","url":"https:\/\/universidadpyme.fundae.es\/cordoba\/2024\/02\/14\/universidad-pyme-llega-a-cordoba\/","name":"Universidad Pyme llega a C\u00f3rdoba - Universidad PYME C\u00f3rdoba","isPartOf":{"@id":"https:\/\/universidadpyme.fundae.es\/cordoba\/#website"},"primaryImageOfPage":{"@id":"https:\/\/universidadpyme.fundae.es\/cordoba\/2024\/02\/14\/universidad-pyme-llega-a-cordoba\/#primaryimage"},"image":{"@id":"https:\/\/universidadpyme.fundae.es\/cordoba\/2024\/02\/14\/universidad-pyme-llega-a-cordoba\/#primaryimage"},"thumbnailUrl":"https:\/\/universidadpyme.fundae.es\/cordoba\/wp-content\/uploads\/2024\/02\/el-dia-de-cordoba-foto-web-2.png","datePublished":"2024-02-14T10:47:53+00:00","dateModified":"2024-02-28T12:38:39+00:00","author":{"@id":"https:\/\/universidadpyme.fundae.es\/cordoba\/#\/schema\/person\/9e7a0d89eff211453d34e8fdc1be91c5"},"breadcrumb":{"@id":"https:\/\/universidadpyme.fundae.es\/cordoba\/2024\/02\/14\/universidad-pyme-llega-a-cordoba\/#breadcrumb"},"inLanguage":"es","potentialAction":[{"@type":"ReadAction","target":["https:\/\/universidadpyme.fundae.es\/cordoba\/2024\/02\/14\/universidad-pyme-llega-a-cordoba\/"]}]},{"@type":"ImageObject","inLanguage":"es","@id":"https:\/\/universidadpyme.fundae.es\/cordoba\/2024\/02\/14\/universidad-pyme-llega-a-cordoba\/#primaryimage","url":"https:\/\/universidadpyme.fundae.es\/cordoba\/wp-content\/uploads\/2024\/02\/el-dia-de-cordoba-foto-web-2.png","contentUrl":"https:\/\/universidadpyme.fundae.es\/cordoba\/wp-content\/uploads\/2024\/02\/el-dia-de-cordoba-foto-web-2.png","width":667,"height":375},{"@type":"BreadcrumbList","@id":"https:\/\/universidadpyme.fundae.es\/cordoba\/2024\/02\/14\/universidad-pyme-llega-a-cordoba\/#breadcrumb","itemListElement":[{"@type":"ListItem","position":1,"name":"Portada","item":"https:\/\/universidadpyme.fundae.es\/cordoba\/"},{"@type":"ListItem","position":2,"name":"Universidad Pyme llega a C\u00f3rdoba"}]},{"@type":"WebSite","@id":"https:\/\/universidadpyme.fundae.es\/cordoba\/#website","url":"https:\/\/universidadpyme.fundae.es\/cordoba\/","name":"Universidad PYME C\u00f3rdoba","description":"Otro sitio realizado con WordPress","potentialAction":[{"@type":"SearchAction","target":{"@type":"EntryPoint","urlTemplate":"https:\/\/universidadpyme.fundae.es\/cordoba\/?s={search_term_string}"},"query-input":"required name=search_term_string"}],"inLanguage":"es"},{"@type":"Person","@id":"https:\/\/universidadpyme.fundae.es\/cordoba\/#\/schema\/person\/9e7a0d89eff211453d34e8fdc1be91c5","name":"masanpar","image":{"@type":"ImageObject","inLanguage":"es","@id":"https:\/\/universidadpyme.fundae.es\/cordoba\/#\/schema\/person\/image\/","url":"https:\/\/secure.gravatar.com\/avatar\/828550a18f5db20181edd0945478aaa1ffc54383857d02ec9b53420b716e095f?s=96&d=mm&r=g","contentUrl":"https:\/\/secure.gravatar.com\/avatar\/828550a18f5db20181edd0945478aaa1ffc54383857d02ec9b53420b716e095f?s=96&d=mm&r=g","caption":"masanpar"},"sameAs":["http:\/\/universidadpyme.fundae.es\/aragon"],"url":"https:\/\/universidadpyme.fundae.es\/cordoba\/author\/masanpar\/"}]}},"_links":{"self":[{"href":"https:\/\/universidadpyme.fundae.es\/cordoba\/wp-json\/wp\/v2\/posts\/3585","targetHints":{"allow":["GET"]}}],"collection":[{"href":"https:\/\/universidadpyme.fundae.es\/cordoba\/wp-json\/wp\/v2\/posts"}],"about":[{"href":"https:\/\/universidadpyme.fundae.es\/cordoba\/wp-json\/wp\/v2\/types\/post"}],"author":[{"embeddable":true,"href":"https:\/\/universidadpyme.fundae.es\/cordoba\/wp-json\/wp\/v2\/users\/1"}],"replies":[{"embeddable":true,"href":"https:\/\/universidadpyme.fundae.es\/cordoba\/wp-json\/wp\/v2\/comments?post=3585"}],"version-history":[{"count":12,"href":"https:\/\/universidadpyme.fundae.es\/cordoba\/wp-json\/wp\/v2\/posts\/3585\/revisions"}],"predecessor-version":[{"id":5109,"href":"https:\/\/universidadpyme.fundae.es\/cordoba\/wp-json\/wp\/v2\/posts\/3585\/revisions\/5109"}],"wp:featuredmedia":[{"embeddable":true,"href":"https:\/\/universidadpyme.fundae.es\/cordoba\/wp-json\/wp\/v2\/media\/5108"}],"wp:attachment":[{"href":"https:\/\/universidadpyme.fundae.es\/cordoba\/wp-json\/wp\/v2\/media?parent=3585"}],"wp:term":[{"taxonomy":"category","embeddable":true,"href":"https:\/\/universidadpyme.fundae.es\/cordoba\/wp-json\/wp\/v2\/categories?post=3585"},{"taxonomy":"post_tag","embeddable":true,"href":"https:\/\/universidadpyme.fundae.es\/cordoba\/wp-json\/wp\/v2\/tags?post=3585"}],"curies":[{"name":"wp","href":"https:\/\/api.w.org\/{rel}","templated":true}]}}