{"id":3774,"date":"2024-02-20T12:23:06","date_gmt":"2024-02-20T12:23:06","guid":{"rendered":"https:\/\/universidadpyme.fundae.es\/madrid\/?p=3774"},"modified":"2024-02-28T12:43:06","modified_gmt":"2024-02-28T12:43:06","slug":"la-fundacion-para-la-formacion-en-el-empleo-abordara-manana-la-digitalizacion-del-sector-agricola-en-cordoba","status":"publish","type":"post","link":"https:\/\/universidadpyme.fundae.es\/cordoba\/2024\/02\/20\/la-fundacion-para-la-formacion-en-el-empleo-abordara-manana-la-digitalizacion-del-sector-agricola-en-cordoba\/","title":{"rendered":"La Fundaci\u00f3n para la Formaci\u00f3n en el Empleo abordar\u00e1 ma\u00f1ana la digitalizaci\u00f3n del sector agr\u00edcola en C\u00f3rdoba"},"content":{"rendered":"<section class=\"wpb-content-wrapper\"><p>[vc_row][vc_column width=\u00bb1\/6&#8243;][\/vc_column][vc_column width=\u00bb2\/3&#8243;][vc_column_text]20\/02\/2024 La Vanguardia &#8211;<\/p>\n<p class=\"paragraph\" data-gtm-element-container=\"modulo-texto-link\">La Fundaci\u00f3n Estatal para la Formaci\u00f3n en el Empleo (Fundae) con la colaboraci\u00f3n del Servicio P\u00fablico de Empleo Estatal (SEPE) y la Junta de Andaluc\u00eda ha organizado para ma\u00f1ana, mi\u00e9rcoles, y el jueves, un nuevo evento de su \u2018Universidad Pyme\u2019 para abordar la digitalizaci\u00f3n en el sector agr\u00edcola.<\/p>\n<p class=\"paragraph\" data-gtm-element-container=\"modulo-texto-link\">Seg\u00fan inform\u00f3 Fundae este martes, el evento tendr\u00e1 lugar en el Palacio de Congresos de C\u00f3rdoba bajo el lema \u2018Sembramos futuro\u2019. En esta ocasi\u00f3n, tambi\u00e9n se ha contado con la colaboraci\u00f3n de la Comisi\u00f3n Paritaria Sectorial Agraria y las organizaciones que la componen -COAG, UPA, Asaja, UGT-FICA y CCOO Industria-.<\/p>\n<p class=\"paragraph\" data-gtm-element-container=\"modulo-texto-link\">El objetivo de este nuevo encuentro es el de impulsar la transformaci\u00f3n digital en un sector, el agr\u00edcola, poniendo a su disposici\u00f3n nuevos recursos digitales y formativos.<\/p>\n<p class=\"paragraph\" data-gtm-element-container=\"modulo-texto-link\">En este congreso se analizar\u00e1 la digitalizaci\u00f3n en este sector desde varios prismas, como son las ayudas, el reto que supone para las empresas, la formaci\u00f3n y cualificaci\u00f3n, los nuevos perfiles profesionales, etc. a trav\u00e9s de conferencias, exposiciones y espacios de \u2018networking\u2019.<\/p>\n<p class=\"paragraph\" data-gtm-element-container=\"modulo-texto-link\">Esta sesi\u00f3n formativa coincide con las protestas y tractoradas del sector para exigir medidas que mejoren la situaci\u00f3n del campo en cuanto a competencia y menos burocracia.<\/p>\n<p class=\"paragraph\" data-gtm-element-container=\"modulo-texto-link\">\u2018Universidad Pyme\u2019 es un proyecto enmarcado en el plan de recuperaci\u00f3n y financiado con fondos europeos que se dirige a pymes, aut\u00f3nomos, emprendedores, empleados y desempleados que busca fomentar la digitalizaci\u00f3n.<\/p>\n<p>[\/vc_column_text][vc_empty_space height=\u00bb50&#8243;][\/vc_column][vc_column width=\u00bb1\/6&#8243;][\/vc_column][\/vc_row]<\/p>\n<\/section>","protected":false},"excerpt":{"rendered":"<p>[vc_row][vc_column width=\u00bb1\/6&#8243;][\/vc_column][vc_column width=\u00bb2\/3&#8243;][vc_column_text]20\/02\/2024 La Vanguardia &#8211; La Fundaci\u00f3n Estatal para la Formaci\u00f3n en el Empleo (Fundae) con la colaboraci\u00f3n del Servicio P\u00fablico de Empleo Estatal (SEPE) y la Junta de Andaluc\u00eda ha organizado para ma\u00f1ana, mi\u00e9rcoles, y el jueves, un nuevo evento de su \u2018Universidad Pyme\u2019 para abordar la digitalizaci\u00f3n en el sector agr\u00edcola. Seg\u00fan&hellip;<\/p>\n","protected":false},"author":1,"featured_media":4841,"comment_status":"closed","ping_status":"closed","sticky":false,"template":"template-microsite.php","format":"standard","meta":{"footnotes":""},"categories":[1],"tags":[],"class_list":["post-3774","post","type-post","status-publish","format-standard","has-post-thumbnail","hentry","category-sin-categoria","category-1","description-off"],"yoast_head":"<!-- This site is optimized with the Yoast SEO plugin v22.5 - https:\/\/yoast.com\/wordpress\/plugins\/seo\/ -->\n<title>La Fundaci\u00f3n para la Formaci\u00f3n en el Empleo abordar\u00e1 ma\u00f1ana la digitalizaci\u00f3n del sector agr\u00edcola en C\u00f3rdoba - Universidad PYME C\u00f3rdoba<\/title>\n<meta name=\"robots\" content=\"index, follow, max-snippet:-1, max-image-preview:large, max-video-preview:-1\" \/>\n<link rel=\"canonical\" href=\"https:\/\/universidadpyme.fundae.es\/cordoba\/2024\/02\/20\/la-fundacion-para-la-formacion-en-el-empleo-abordara-manana-la-digitalizacion-del-sector-agricola-en-cordoba\/\" \/>\n<meta property=\"og:locale\" content=\"es_ES\" \/>\n<meta property=\"og:type\" content=\"article\" \/>\n<meta property=\"og:title\" content=\"La Fundaci\u00f3n para la Formaci\u00f3n en el Empleo abordar\u00e1 ma\u00f1ana la digitalizaci\u00f3n del sector agr\u00edcola en C\u00f3rdoba - Universidad PYME C\u00f3rdoba\" \/>\n<meta property=\"og:description\" content=\"[vc_row][vc_column width=\u00bb1\/6&#8243;][\/vc_column][vc_column width=\u00bb2\/3&#8243;][vc_column_text]20\/02\/2024 La Vanguardia &#8211; La Fundaci\u00f3n Estatal para la Formaci\u00f3n en el Empleo (Fundae) con la colaboraci\u00f3n del Servicio P\u00fablico de Empleo Estatal (SEPE) y la Junta de Andaluc\u00eda ha organizado para ma\u00f1ana, mi\u00e9rcoles, y el jueves, un nuevo evento de su \u2018Universidad Pyme\u2019 para abordar la digitalizaci\u00f3n en el sector agr\u00edcola. Seg\u00fan&hellip;\" \/>\n<meta property=\"og:url\" content=\"https:\/\/universidadpyme.fundae.es\/cordoba\/2024\/02\/20\/la-fundacion-para-la-formacion-en-el-empleo-abordara-manana-la-digitalizacion-del-sector-agricola-en-cordoba\/\" \/>\n<meta property=\"og:site_name\" content=\"Universidad PYME C\u00f3rdoba\" \/>\n<meta property=\"article:published_time\" content=\"2024-02-20T12:23:06+00:00\" \/>\n<meta property=\"article:modified_time\" content=\"2024-02-28T12:43:06+00:00\" \/>\n<meta property=\"og:image\" content=\"https:\/\/universidadpyme.fundae.es\/cordoba\/wp-content\/uploads\/2024\/02\/logo-UP-nuevo-desnivel-e1707814323981.png\" \/>\n\t<meta property=\"og:image:width\" content=\"1119\" \/>\n\t<meta property=\"og:image:height\" content=\"687\" \/>\n\t<meta property=\"og:image:type\" content=\"image\/png\" \/>\n<meta name=\"author\" content=\"masanpar\" \/>\n<meta name=\"twitter:card\" content=\"summary_large_image\" \/>\n<meta name=\"twitter:label1\" content=\"Escrito por\" \/>\n\t<meta name=\"twitter:data1\" content=\"masanpar\" \/>\n\t<meta name=\"twitter:label2\" content=\"Tiempo de lectura\" \/>\n\t<meta name=\"twitter:data2\" content=\"2 minutos\" \/>\n<script type=\"application\/ld+json\" class=\"yoast-schema-graph\">{\"@context\":\"https:\/\/schema.org\",\"@graph\":[{\"@type\":\"WebPage\",\"@id\":\"https:\/\/universidadpyme.fundae.es\/cordoba\/2024\/02\/20\/la-fundacion-para-la-formacion-en-el-empleo-abordara-manana-la-digitalizacion-del-sector-agricola-en-cordoba\/\",\"url\":\"https:\/\/universidadpyme.fundae.es\/cordoba\/2024\/02\/20\/la-fundacion-para-la-formacion-en-el-empleo-abordara-manana-la-digitalizacion-del-sector-agricola-en-cordoba\/\",\"name\":\"La Fundaci\u00f3n para la Formaci\u00f3n en el Empleo abordar\u00e1 ma\u00f1ana la digitalizaci\u00f3n del sector agr\u00edcola en C\u00f3rdoba - Universidad PYME C\u00f3rdoba\",\"isPartOf\":{\"@id\":\"https:\/\/universidadpyme.fundae.es\/cordoba\/#website\"},\"primaryImageOfPage\":{\"@id\":\"https:\/\/universidadpyme.fundae.es\/cordoba\/2024\/02\/20\/la-fundacion-para-la-formacion-en-el-empleo-abordara-manana-la-digitalizacion-del-sector-agricola-en-cordoba\/#primaryimage\"},\"image\":{\"@id\":\"https:\/\/universidadpyme.fundae.es\/cordoba\/2024\/02\/20\/la-fundacion-para-la-formacion-en-el-empleo-abordara-manana-la-digitalizacion-del-sector-agricola-en-cordoba\/#primaryimage\"},\"thumbnailUrl\":\"https:\/\/universidadpyme.fundae.es\/cordoba\/wp-content\/uploads\/2024\/02\/logo-UP-nuevo-desnivel-e1707814323981.png\",\"datePublished\":\"2024-02-20T12:23:06+00:00\",\"dateModified\":\"2024-02-28T12:43:06+00:00\",\"author\":{\"@id\":\"https:\/\/universidadpyme.fundae.es\/cordoba\/#\/schema\/person\/9e7a0d89eff211453d34e8fdc1be91c5\"},\"breadcrumb\":{\"@id\":\"https:\/\/universidadpyme.fundae.es\/cordoba\/2024\/02\/20\/la-fundacion-para-la-formacion-en-el-empleo-abordara-manana-la-digitalizacion-del-sector-agricola-en-cordoba\/#breadcrumb\"},\"inLanguage\":\"es\",\"potentialAction\":[{\"@type\":\"ReadAction\",\"target\":[\"https:\/\/universidadpyme.fundae.es\/cordoba\/2024\/02\/20\/la-fundacion-para-la-formacion-en-el-empleo-abordara-manana-la-digitalizacion-del-sector-agricola-en-cordoba\/\"]}]},{\"@type\":\"ImageObject\",\"inLanguage\":\"es\",\"@id\":\"https:\/\/universidadpyme.fundae.es\/cordoba\/2024\/02\/20\/la-fundacion-para-la-formacion-en-el-empleo-abordara-manana-la-digitalizacion-del-sector-agricola-en-cordoba\/#primaryimage\",\"url\":\"https:\/\/universidadpyme.fundae.es\/cordoba\/wp-content\/uploads\/2024\/02\/logo-UP-nuevo-desnivel-e1707814323981.png\",\"contentUrl\":\"https:\/\/universidadpyme.fundae.es\/cordoba\/wp-content\/uploads\/2024\/02\/logo-UP-nuevo-desnivel-e1707814323981.png\",\"width\":1119,\"height\":687},{\"@type\":\"BreadcrumbList\",\"@id\":\"https:\/\/universidadpyme.fundae.es\/cordoba\/2024\/02\/20\/la-fundacion-para-la-formacion-en-el-empleo-abordara-manana-la-digitalizacion-del-sector-agricola-en-cordoba\/#breadcrumb\",\"itemListElement\":[{\"@type\":\"ListItem\",\"position\":1,\"name\":\"Portada\",\"item\":\"https:\/\/universidadpyme.fundae.es\/cordoba\/\"},{\"@type\":\"ListItem\",\"position\":2,\"name\":\"La Fundaci\u00f3n para la Formaci\u00f3n en el Empleo abordar\u00e1 ma\u00f1ana la digitalizaci\u00f3n del sector agr\u00edcola en C\u00f3rdoba\"}]},{\"@type\":\"WebSite\",\"@id\":\"https:\/\/universidadpyme.fundae.es\/cordoba\/#website\",\"url\":\"https:\/\/universidadpyme.fundae.es\/cordoba\/\",\"name\":\"Universidad PYME C\u00f3rdoba\",\"description\":\"Otro sitio realizado con WordPress\",\"potentialAction\":[{\"@type\":\"SearchAction\",\"target\":{\"@type\":\"EntryPoint\",\"urlTemplate\":\"https:\/\/universidadpyme.fundae.es\/cordoba\/?s={search_term_string}\"},\"query-input\":\"required name=search_term_string\"}],\"inLanguage\":\"es\"},{\"@type\":\"Person\",\"@id\":\"https:\/\/universidadpyme.fundae.es\/cordoba\/#\/schema\/person\/9e7a0d89eff211453d34e8fdc1be91c5\",\"name\":\"masanpar\",\"image\":{\"@type\":\"ImageObject\",\"inLanguage\":\"es\",\"@id\":\"https:\/\/universidadpyme.fundae.es\/cordoba\/#\/schema\/person\/image\/\",\"url\":\"https:\/\/secure.gravatar.com\/avatar\/828550a18f5db20181edd0945478aaa1ffc54383857d02ec9b53420b716e095f?s=96&d=mm&r=g\",\"contentUrl\":\"https:\/\/secure.gravatar.com\/avatar\/828550a18f5db20181edd0945478aaa1ffc54383857d02ec9b53420b716e095f?s=96&d=mm&r=g\",\"caption\":\"masanpar\"},\"sameAs\":[\"http:\/\/universidadpyme.fundae.es\/aragon\"],\"url\":\"https:\/\/universidadpyme.fundae.es\/cordoba\/author\/masanpar\/\"}]}<\/script>\n<!-- \/ Yoast SEO plugin. -->","yoast_head_json":{"title":"La Fundaci\u00f3n para la Formaci\u00f3n en el Empleo abordar\u00e1 ma\u00f1ana la digitalizaci\u00f3n del sector agr\u00edcola en C\u00f3rdoba - Universidad PYME C\u00f3rdoba","robots":{"index":"index","follow":"follow","max-snippet":"max-snippet:-1","max-image-preview":"max-image-preview:large","max-video-preview":"max-video-preview:-1"},"canonical":"https:\/\/universidadpyme.fundae.es\/cordoba\/2024\/02\/20\/la-fundacion-para-la-formacion-en-el-empleo-abordara-manana-la-digitalizacion-del-sector-agricola-en-cordoba\/","og_locale":"es_ES","og_type":"article","og_title":"La Fundaci\u00f3n para la Formaci\u00f3n en el Empleo abordar\u00e1 ma\u00f1ana la digitalizaci\u00f3n del sector agr\u00edcola en C\u00f3rdoba - Universidad PYME C\u00f3rdoba","og_description":"[vc_row][vc_column width=\u00bb1\/6&#8243;][\/vc_column][vc_column width=\u00bb2\/3&#8243;][vc_column_text]20\/02\/2024 La Vanguardia &#8211; La Fundaci\u00f3n Estatal para la Formaci\u00f3n en el Empleo (Fundae) con la colaboraci\u00f3n del Servicio P\u00fablico de Empleo Estatal (SEPE) y la Junta de Andaluc\u00eda ha organizado para ma\u00f1ana, mi\u00e9rcoles, y el jueves, un nuevo evento de su \u2018Universidad Pyme\u2019 para abordar la digitalizaci\u00f3n en el sector agr\u00edcola. Seg\u00fan&hellip;","og_url":"https:\/\/universidadpyme.fundae.es\/cordoba\/2024\/02\/20\/la-fundacion-para-la-formacion-en-el-empleo-abordara-manana-la-digitalizacion-del-sector-agricola-en-cordoba\/","og_site_name":"Universidad PYME C\u00f3rdoba","article_published_time":"2024-02-20T12:23:06+00:00","article_modified_time":"2024-02-28T12:43:06+00:00","og_image":[{"width":1119,"height":687,"url":"https:\/\/universidadpyme.fundae.es\/cordoba\/wp-content\/uploads\/2024\/02\/logo-UP-nuevo-desnivel-e1707814323981.png","type":"image\/png"}],"author":"masanpar","twitter_card":"summary_large_image","twitter_misc":{"Escrito por":"masanpar","Tiempo de lectura":"2 minutos"},"schema":{"@context":"https:\/\/schema.org","@graph":[{"@type":"WebPage","@id":"https:\/\/universidadpyme.fundae.es\/cordoba\/2024\/02\/20\/la-fundacion-para-la-formacion-en-el-empleo-abordara-manana-la-digitalizacion-del-sector-agricola-en-cordoba\/","url":"https:\/\/universidadpyme.fundae.es\/cordoba\/2024\/02\/20\/la-fundacion-para-la-formacion-en-el-empleo-abordara-manana-la-digitalizacion-del-sector-agricola-en-cordoba\/","name":"La Fundaci\u00f3n para la Formaci\u00f3n en el Empleo abordar\u00e1 ma\u00f1ana la digitalizaci\u00f3n del sector agr\u00edcola en C\u00f3rdoba - Universidad PYME C\u00f3rdoba","isPartOf":{"@id":"https:\/\/universidadpyme.fundae.es\/cordoba\/#website"},"primaryImageOfPage":{"@id":"https:\/\/universidadpyme.fundae.es\/cordoba\/2024\/02\/20\/la-fundacion-para-la-formacion-en-el-empleo-abordara-manana-la-digitalizacion-del-sector-agricola-en-cordoba\/#primaryimage"},"image":{"@id":"https:\/\/universidadpyme.fundae.es\/cordoba\/2024\/02\/20\/la-fundacion-para-la-formacion-en-el-empleo-abordara-manana-la-digitalizacion-del-sector-agricola-en-cordoba\/#primaryimage"},"thumbnailUrl":"https:\/\/universidadpyme.fundae.es\/cordoba\/wp-content\/uploads\/2024\/02\/logo-UP-nuevo-desnivel-e1707814323981.png","datePublished":"2024-02-20T12:23:06+00:00","dateModified":"2024-02-28T12:43:06+00:00","author":{"@id":"https:\/\/universidadpyme.fundae.es\/cordoba\/#\/schema\/person\/9e7a0d89eff211453d34e8fdc1be91c5"},"breadcrumb":{"@id":"https:\/\/universidadpyme.fundae.es\/cordoba\/2024\/02\/20\/la-fundacion-para-la-formacion-en-el-empleo-abordara-manana-la-digitalizacion-del-sector-agricola-en-cordoba\/#breadcrumb"},"inLanguage":"es","potentialAction":[{"@type":"ReadAction","target":["https:\/\/universidadpyme.fundae.es\/cordoba\/2024\/02\/20\/la-fundacion-para-la-formacion-en-el-empleo-abordara-manana-la-digitalizacion-del-sector-agricola-en-cordoba\/"]}]},{"@type":"ImageObject","inLanguage":"es","@id":"https:\/\/universidadpyme.fundae.es\/cordoba\/2024\/02\/20\/la-fundacion-para-la-formacion-en-el-empleo-abordara-manana-la-digitalizacion-del-sector-agricola-en-cordoba\/#primaryimage","url":"https:\/\/universidadpyme.fundae.es\/cordoba\/wp-content\/uploads\/2024\/02\/logo-UP-nuevo-desnivel-e1707814323981.png","contentUrl":"https:\/\/universidadpyme.fundae.es\/cordoba\/wp-content\/uploads\/2024\/02\/logo-UP-nuevo-desnivel-e1707814323981.png","width":1119,"height":687},{"@type":"BreadcrumbList","@id":"https:\/\/universidadpyme.fundae.es\/cordoba\/2024\/02\/20\/la-fundacion-para-la-formacion-en-el-empleo-abordara-manana-la-digitalizacion-del-sector-agricola-en-cordoba\/#breadcrumb","itemListElement":[{"@type":"ListItem","position":1,"name":"Portada","item":"https:\/\/universidadpyme.fundae.es\/cordoba\/"},{"@type":"ListItem","position":2,"name":"La Fundaci\u00f3n para la Formaci\u00f3n en el Empleo abordar\u00e1 ma\u00f1ana la digitalizaci\u00f3n del sector agr\u00edcola en C\u00f3rdoba"}]},{"@type":"WebSite","@id":"https:\/\/universidadpyme.fundae.es\/cordoba\/#website","url":"https:\/\/universidadpyme.fundae.es\/cordoba\/","name":"Universidad PYME C\u00f3rdoba","description":"Otro sitio realizado con WordPress","potentialAction":[{"@type":"SearchAction","target":{"@type":"EntryPoint","urlTemplate":"https:\/\/universidadpyme.fundae.es\/cordoba\/?s={search_term_string}"},"query-input":"required name=search_term_string"}],"inLanguage":"es"},{"@type":"Person","@id":"https:\/\/universidadpyme.fundae.es\/cordoba\/#\/schema\/person\/9e7a0d89eff211453d34e8fdc1be91c5","name":"masanpar","image":{"@type":"ImageObject","inLanguage":"es","@id":"https:\/\/universidadpyme.fundae.es\/cordoba\/#\/schema\/person\/image\/","url":"https:\/\/secure.gravatar.com\/avatar\/828550a18f5db20181edd0945478aaa1ffc54383857d02ec9b53420b716e095f?s=96&d=mm&r=g","contentUrl":"https:\/\/secure.gravatar.com\/avatar\/828550a18f5db20181edd0945478aaa1ffc54383857d02ec9b53420b716e095f?s=96&d=mm&r=g","caption":"masanpar"},"sameAs":["http:\/\/universidadpyme.fundae.es\/aragon"],"url":"https:\/\/universidadpyme.fundae.es\/cordoba\/author\/masanpar\/"}]}},"_links":{"self":[{"href":"https:\/\/universidadpyme.fundae.es\/cordoba\/wp-json\/wp\/v2\/posts\/3774","targetHints":{"allow":["GET"]}}],"collection":[{"href":"https:\/\/universidadpyme.fundae.es\/cordoba\/wp-json\/wp\/v2\/posts"}],"about":[{"href":"https:\/\/universidadpyme.fundae.es\/cordoba\/wp-json\/wp\/v2\/types\/post"}],"author":[{"embeddable":true,"href":"https:\/\/universidadpyme.fundae.es\/cordoba\/wp-json\/wp\/v2\/users\/1"}],"replies":[{"embeddable":true,"href":"https:\/\/universidadpyme.fundae.es\/cordoba\/wp-json\/wp\/v2\/comments?post=3774"}],"version-history":[{"count":9,"href":"https:\/\/universidadpyme.fundae.es\/cordoba\/wp-json\/wp\/v2\/posts\/3774\/revisions"}],"predecessor-version":[{"id":5113,"href":"https:\/\/universidadpyme.fundae.es\/cordoba\/wp-json\/wp\/v2\/posts\/3774\/revisions\/5113"}],"wp:featuredmedia":[{"embeddable":true,"href":"https:\/\/universidadpyme.fundae.es\/cordoba\/wp-json\/wp\/v2\/media\/4841"}],"wp:attachment":[{"href":"https:\/\/universidadpyme.fundae.es\/cordoba\/wp-json\/wp\/v2\/media?parent=3774"}],"wp:term":[{"taxonomy":"category","embeddable":true,"href":"https:\/\/universidadpyme.fundae.es\/cordoba\/wp-json\/wp\/v2\/categories?post=3774"},{"taxonomy":"post_tag","embeddable":true,"href":"https:\/\/universidadpyme.fundae.es\/cordoba\/wp-json\/wp\/v2\/tags?post=3774"}],"curies":[{"name":"wp","href":"https:\/\/api.w.org\/{rel}","templated":true}]}}