{"id":4162,"date":"2024-02-13T00:00:34","date_gmt":"2024-02-13T00:00:34","guid":{"rendered":"https:\/\/universidadpyme.fundae.es\/madrid\/?p=4162"},"modified":"2024-02-28T12:34:35","modified_gmt":"2024-02-28T12:34:35","slug":"universidad-pyme-cordoba-digitalizacion-formacion-y-empleo-agrario-servicio-publico-de-empleo-estatal","status":"publish","type":"post","link":"https:\/\/universidadpyme.fundae.es\/cordoba\/2024\/02\/13\/universidad-pyme-cordoba-digitalizacion-formacion-y-empleo-agrario-servicio-publico-de-empleo-estatal\/","title":{"rendered":"Universidad PYME C\u00f3rdoba: Digitalizaci\u00f3n, Formaci\u00f3n y Empleo Agrario | Servicio P\u00fablico de Empleo Estatal"},"content":{"rendered":"<section class=\"wpb-content-wrapper\"><p>[vc_row][vc_column width=\u00bb1\/6&#8243;][\/vc_column][vc_column width=\u00bb2\/3&#8243;][vc_column_text]<\/p>\n<p style=\"text-align: left;\"><strong>17\/10\/2023 sepe.es &#8211;\u00a0<\/strong><\/p>\n<p>Universidad PYME tendr\u00e1 su pr\u00f3xima cita el 21 y 22 de febrero en C\u00f3rdoba, en un encuentro el que la digitalizaci\u00f3n, la formaci\u00f3n y el empleo en el sector agrario se abordar\u00e1 desde una perspectiva pr\u00e1ctica a trav\u00e9s de distintos espacios.<\/p>\n<p>Universidad PYME es una iniciativa enmarcada en el Plan de Recuperaci\u00f3n, Transformaci\u00f3n y Resiliencia para dar respuesta a la necesidad de mejorar digital y tecnol\u00f3gicamente a las empresas y a las personas, mejorando as\u00ed la empleabilidad de los trabajadores, la productividad y la competitividad. Est\u00e1 impulsada por la Fundaci\u00f3n Estatal para la Formaci\u00f3n en el Empleo (FUNDAE) y se enmarca dentro del A\u00f1o Europeo de las Competencias.<\/p>\n<p>&nbsp;<\/p>\n<h3>Digitalizaci\u00f3n, la formaci\u00f3n y el empleo en el sector agrario<\/h3>\n<p>Universidad Pyme organiza este evento que se celebrar\u00e1 los d\u00edas<strong>\u00a021 y 22 de febrero en el Palacio de Congresos de C\u00f3rdoba, C\/ Torrijos, 10, de 9:00 a 17:00h<\/strong>.<\/p>\n<p>Durante estos dos d\u00edas los asistentes podr\u00e1n disfrutar de las \u00faltimas novedades en el sector agrario y alimentario gracias a ponencias inspiradoras, donde tambi\u00e9n disfrutar\u00e1n de espacios de networking y conocer\u00e1n los proyectos y pr\u00e1cticas m\u00e1s novedosas del sector con visitas guiadas.<\/p>\n<p>En las jornadas se analizar\u00e1n cuestiones como la adopci\u00f3n de la tecnolog\u00eda digital en el sector agroalimentario, perfiles y competencias digitales demandados en el sector agrario y alimentario, el emprendimiento, reemplazo generacional en el medio rural, necesidades y respuestas formativas actuales y futuras a la demanda digital en el sector agrario, la capacitaci\u00f3n digital de mujeres rurales, o el futuro digital y sostenible en el campo andaluz, entre otros.<\/p>\n<p>El evento est\u00e1 dirigido a todas aquellas personas interesadas en el sector agroalimentario y agrario, entidades p\u00fablicas y privadas, empresas y personas emprendedoras sensibilizadas e implicadas en la transformaci\u00f3n digital y para aquellas vinculadas a la formaci\u00f3n y el empleo.<\/p>\n<p>La inauguraci\u00f3n contar\u00e1 con la presencia de autoridades del Gobierno de Andaluc\u00eda, as\u00ed como representantes de FUNDAE. Al acto de clausura asistir\u00e1 Gerardo Guti\u00e9rrez Ardoy, director general del SEPE.[\/vc_column_text][vc_empty_space height=\u00bb100&#8243;][\/vc_column][vc_column width=\u00bb1\/6&#8243;][\/vc_column][\/vc_row]<\/p>\n<\/section>","protected":false},"excerpt":{"rendered":"<p>[vc_row][vc_column width=\u00bb1\/6&#8243;][\/vc_column][vc_column width=\u00bb2\/3&#8243;][vc_column_text] 17\/10\/2023 sepe.es &#8211;\u00a0 Universidad PYME tendr\u00e1 su pr\u00f3xima cita el 21 y 22 de febrero en C\u00f3rdoba, en un encuentro el que la digitalizaci\u00f3n, la formaci\u00f3n y el empleo en el sector agrario se abordar\u00e1 desde una perspectiva pr\u00e1ctica a trav\u00e9s de distintos espacios. Universidad PYME es una iniciativa enmarcada en el&hellip;<\/p>\n","protected":false},"author":1,"featured_media":5106,"comment_status":"closed","ping_status":"closed","sticky":false,"template":"template-microsite.php","format":"standard","meta":{"footnotes":""},"categories":[1],"tags":[],"class_list":["post-4162","post","type-post","status-publish","format-standard","has-post-thumbnail","hentry","category-sin-categoria","category-1","description-off"],"yoast_head":"<!-- This site is optimized with the Yoast SEO plugin v22.5 - https:\/\/yoast.com\/wordpress\/plugins\/seo\/ -->\n<title>Universidad PYME C\u00f3rdoba: Digitalizaci\u00f3n, Formaci\u00f3n y Empleo Agrario | Servicio P\u00fablico de Empleo Estatal - Universidad PYME C\u00f3rdoba<\/title>\n<meta name=\"robots\" content=\"index, follow, max-snippet:-1, max-image-preview:large, max-video-preview:-1\" \/>\n<link rel=\"canonical\" href=\"https:\/\/universidadpyme.fundae.es\/cordoba\/2024\/02\/13\/universidad-pyme-cordoba-digitalizacion-formacion-y-empleo-agrario-servicio-publico-de-empleo-estatal\/\" \/>\n<meta property=\"og:locale\" content=\"es_ES\" \/>\n<meta property=\"og:type\" content=\"article\" \/>\n<meta property=\"og:title\" content=\"Universidad PYME C\u00f3rdoba: Digitalizaci\u00f3n, Formaci\u00f3n y Empleo Agrario | Servicio P\u00fablico de Empleo Estatal - Universidad PYME C\u00f3rdoba\" \/>\n<meta property=\"og:description\" content=\"[vc_row][vc_column width=\u00bb1\/6&#8243;][\/vc_column][vc_column width=\u00bb2\/3&#8243;][vc_column_text] 17\/10\/2023 sepe.es &#8211;\u00a0 Universidad PYME tendr\u00e1 su pr\u00f3xima cita el 21 y 22 de febrero en C\u00f3rdoba, en un encuentro el que la digitalizaci\u00f3n, la formaci\u00f3n y el empleo en el sector agrario se abordar\u00e1 desde una perspectiva pr\u00e1ctica a trav\u00e9s de distintos espacios. Universidad PYME es una iniciativa enmarcada en el&hellip;\" \/>\n<meta property=\"og:url\" content=\"https:\/\/universidadpyme.fundae.es\/cordoba\/2024\/02\/13\/universidad-pyme-cordoba-digitalizacion-formacion-y-empleo-agrario-servicio-publico-de-empleo-estatal\/\" \/>\n<meta property=\"og:site_name\" content=\"Universidad PYME C\u00f3rdoba\" \/>\n<meta property=\"article:published_time\" content=\"2024-02-13T00:00:34+00:00\" \/>\n<meta property=\"article:modified_time\" content=\"2024-02-28T12:34:35+00:00\" \/>\n<meta property=\"og:image\" content=\"https:\/\/universidadpyme.fundae.es\/cordoba\/wp-content\/uploads\/2024\/02\/sepe-foto-web.png\" \/>\n\t<meta property=\"og:image:width\" content=\"960\" \/>\n\t<meta property=\"og:image:height\" content=\"480\" \/>\n\t<meta property=\"og:image:type\" content=\"image\/png\" \/>\n<meta name=\"author\" content=\"masanpar\" \/>\n<meta name=\"twitter:card\" content=\"summary_large_image\" \/>\n<meta name=\"twitter:label1\" content=\"Escrito por\" \/>\n\t<meta name=\"twitter:data1\" content=\"masanpar\" \/>\n\t<meta name=\"twitter:label2\" content=\"Tiempo de lectura\" \/>\n\t<meta name=\"twitter:data2\" content=\"2 minutos\" \/>\n<script type=\"application\/ld+json\" class=\"yoast-schema-graph\">{\"@context\":\"https:\/\/schema.org\",\"@graph\":[{\"@type\":\"WebPage\",\"@id\":\"https:\/\/universidadpyme.fundae.es\/cordoba\/2024\/02\/13\/universidad-pyme-cordoba-digitalizacion-formacion-y-empleo-agrario-servicio-publico-de-empleo-estatal\/\",\"url\":\"https:\/\/universidadpyme.fundae.es\/cordoba\/2024\/02\/13\/universidad-pyme-cordoba-digitalizacion-formacion-y-empleo-agrario-servicio-publico-de-empleo-estatal\/\",\"name\":\"Universidad PYME C\u00f3rdoba: Digitalizaci\u00f3n, Formaci\u00f3n y Empleo Agrario | Servicio P\u00fablico de Empleo Estatal - Universidad PYME C\u00f3rdoba\",\"isPartOf\":{\"@id\":\"https:\/\/universidadpyme.fundae.es\/cordoba\/#website\"},\"primaryImageOfPage\":{\"@id\":\"https:\/\/universidadpyme.fundae.es\/cordoba\/2024\/02\/13\/universidad-pyme-cordoba-digitalizacion-formacion-y-empleo-agrario-servicio-publico-de-empleo-estatal\/#primaryimage\"},\"image\":{\"@id\":\"https:\/\/universidadpyme.fundae.es\/cordoba\/2024\/02\/13\/universidad-pyme-cordoba-digitalizacion-formacion-y-empleo-agrario-servicio-publico-de-empleo-estatal\/#primaryimage\"},\"thumbnailUrl\":\"https:\/\/universidadpyme.fundae.es\/cordoba\/wp-content\/uploads\/2024\/02\/sepe-foto-web.png\",\"datePublished\":\"2024-02-13T00:00:34+00:00\",\"dateModified\":\"2024-02-28T12:34:35+00:00\",\"author\":{\"@id\":\"https:\/\/universidadpyme.fundae.es\/cordoba\/#\/schema\/person\/9e7a0d89eff211453d34e8fdc1be91c5\"},\"breadcrumb\":{\"@id\":\"https:\/\/universidadpyme.fundae.es\/cordoba\/2024\/02\/13\/universidad-pyme-cordoba-digitalizacion-formacion-y-empleo-agrario-servicio-publico-de-empleo-estatal\/#breadcrumb\"},\"inLanguage\":\"es\",\"potentialAction\":[{\"@type\":\"ReadAction\",\"target\":[\"https:\/\/universidadpyme.fundae.es\/cordoba\/2024\/02\/13\/universidad-pyme-cordoba-digitalizacion-formacion-y-empleo-agrario-servicio-publico-de-empleo-estatal\/\"]}]},{\"@type\":\"ImageObject\",\"inLanguage\":\"es\",\"@id\":\"https:\/\/universidadpyme.fundae.es\/cordoba\/2024\/02\/13\/universidad-pyme-cordoba-digitalizacion-formacion-y-empleo-agrario-servicio-publico-de-empleo-estatal\/#primaryimage\",\"url\":\"https:\/\/universidadpyme.fundae.es\/cordoba\/wp-content\/uploads\/2024\/02\/sepe-foto-web.png\",\"contentUrl\":\"https:\/\/universidadpyme.fundae.es\/cordoba\/wp-content\/uploads\/2024\/02\/sepe-foto-web.png\",\"width\":960,\"height\":480},{\"@type\":\"BreadcrumbList\",\"@id\":\"https:\/\/universidadpyme.fundae.es\/cordoba\/2024\/02\/13\/universidad-pyme-cordoba-digitalizacion-formacion-y-empleo-agrario-servicio-publico-de-empleo-estatal\/#breadcrumb\",\"itemListElement\":[{\"@type\":\"ListItem\",\"position\":1,\"name\":\"Portada\",\"item\":\"https:\/\/universidadpyme.fundae.es\/cordoba\/\"},{\"@type\":\"ListItem\",\"position\":2,\"name\":\"Universidad PYME C\u00f3rdoba: Digitalizaci\u00f3n, Formaci\u00f3n y Empleo Agrario | Servicio P\u00fablico de Empleo Estatal\"}]},{\"@type\":\"WebSite\",\"@id\":\"https:\/\/universidadpyme.fundae.es\/cordoba\/#website\",\"url\":\"https:\/\/universidadpyme.fundae.es\/cordoba\/\",\"name\":\"Universidad PYME C\u00f3rdoba\",\"description\":\"Otro sitio realizado con WordPress\",\"potentialAction\":[{\"@type\":\"SearchAction\",\"target\":{\"@type\":\"EntryPoint\",\"urlTemplate\":\"https:\/\/universidadpyme.fundae.es\/cordoba\/?s={search_term_string}\"},\"query-input\":\"required name=search_term_string\"}],\"inLanguage\":\"es\"},{\"@type\":\"Person\",\"@id\":\"https:\/\/universidadpyme.fundae.es\/cordoba\/#\/schema\/person\/9e7a0d89eff211453d34e8fdc1be91c5\",\"name\":\"masanpar\",\"image\":{\"@type\":\"ImageObject\",\"inLanguage\":\"es\",\"@id\":\"https:\/\/universidadpyme.fundae.es\/cordoba\/#\/schema\/person\/image\/\",\"url\":\"https:\/\/secure.gravatar.com\/avatar\/828550a18f5db20181edd0945478aaa1ffc54383857d02ec9b53420b716e095f?s=96&d=mm&r=g\",\"contentUrl\":\"https:\/\/secure.gravatar.com\/avatar\/828550a18f5db20181edd0945478aaa1ffc54383857d02ec9b53420b716e095f?s=96&d=mm&r=g\",\"caption\":\"masanpar\"},\"sameAs\":[\"http:\/\/universidadpyme.fundae.es\/aragon\"],\"url\":\"https:\/\/universidadpyme.fundae.es\/cordoba\/author\/masanpar\/\"}]}<\/script>\n<!-- \/ Yoast SEO plugin. -->","yoast_head_json":{"title":"Universidad PYME C\u00f3rdoba: Digitalizaci\u00f3n, Formaci\u00f3n y Empleo Agrario | Servicio P\u00fablico de Empleo Estatal - Universidad PYME C\u00f3rdoba","robots":{"index":"index","follow":"follow","max-snippet":"max-snippet:-1","max-image-preview":"max-image-preview:large","max-video-preview":"max-video-preview:-1"},"canonical":"https:\/\/universidadpyme.fundae.es\/cordoba\/2024\/02\/13\/universidad-pyme-cordoba-digitalizacion-formacion-y-empleo-agrario-servicio-publico-de-empleo-estatal\/","og_locale":"es_ES","og_type":"article","og_title":"Universidad PYME C\u00f3rdoba: Digitalizaci\u00f3n, Formaci\u00f3n y Empleo Agrario | Servicio P\u00fablico de Empleo Estatal - Universidad PYME C\u00f3rdoba","og_description":"[vc_row][vc_column width=\u00bb1\/6&#8243;][\/vc_column][vc_column width=\u00bb2\/3&#8243;][vc_column_text] 17\/10\/2023 sepe.es &#8211;\u00a0 Universidad PYME tendr\u00e1 su pr\u00f3xima cita el 21 y 22 de febrero en C\u00f3rdoba, en un encuentro el que la digitalizaci\u00f3n, la formaci\u00f3n y el empleo en el sector agrario se abordar\u00e1 desde una perspectiva pr\u00e1ctica a trav\u00e9s de distintos espacios. Universidad PYME es una iniciativa enmarcada en el&hellip;","og_url":"https:\/\/universidadpyme.fundae.es\/cordoba\/2024\/02\/13\/universidad-pyme-cordoba-digitalizacion-formacion-y-empleo-agrario-servicio-publico-de-empleo-estatal\/","og_site_name":"Universidad PYME C\u00f3rdoba","article_published_time":"2024-02-13T00:00:34+00:00","article_modified_time":"2024-02-28T12:34:35+00:00","og_image":[{"width":960,"height":480,"url":"https:\/\/universidadpyme.fundae.es\/cordoba\/wp-content\/uploads\/2024\/02\/sepe-foto-web.png","type":"image\/png"}],"author":"masanpar","twitter_card":"summary_large_image","twitter_misc":{"Escrito por":"masanpar","Tiempo de lectura":"2 minutos"},"schema":{"@context":"https:\/\/schema.org","@graph":[{"@type":"WebPage","@id":"https:\/\/universidadpyme.fundae.es\/cordoba\/2024\/02\/13\/universidad-pyme-cordoba-digitalizacion-formacion-y-empleo-agrario-servicio-publico-de-empleo-estatal\/","url":"https:\/\/universidadpyme.fundae.es\/cordoba\/2024\/02\/13\/universidad-pyme-cordoba-digitalizacion-formacion-y-empleo-agrario-servicio-publico-de-empleo-estatal\/","name":"Universidad PYME C\u00f3rdoba: Digitalizaci\u00f3n, Formaci\u00f3n y Empleo Agrario | Servicio P\u00fablico de Empleo Estatal - Universidad PYME C\u00f3rdoba","isPartOf":{"@id":"https:\/\/universidadpyme.fundae.es\/cordoba\/#website"},"primaryImageOfPage":{"@id":"https:\/\/universidadpyme.fundae.es\/cordoba\/2024\/02\/13\/universidad-pyme-cordoba-digitalizacion-formacion-y-empleo-agrario-servicio-publico-de-empleo-estatal\/#primaryimage"},"image":{"@id":"https:\/\/universidadpyme.fundae.es\/cordoba\/2024\/02\/13\/universidad-pyme-cordoba-digitalizacion-formacion-y-empleo-agrario-servicio-publico-de-empleo-estatal\/#primaryimage"},"thumbnailUrl":"https:\/\/universidadpyme.fundae.es\/cordoba\/wp-content\/uploads\/2024\/02\/sepe-foto-web.png","datePublished":"2024-02-13T00:00:34+00:00","dateModified":"2024-02-28T12:34:35+00:00","author":{"@id":"https:\/\/universidadpyme.fundae.es\/cordoba\/#\/schema\/person\/9e7a0d89eff211453d34e8fdc1be91c5"},"breadcrumb":{"@id":"https:\/\/universidadpyme.fundae.es\/cordoba\/2024\/02\/13\/universidad-pyme-cordoba-digitalizacion-formacion-y-empleo-agrario-servicio-publico-de-empleo-estatal\/#breadcrumb"},"inLanguage":"es","potentialAction":[{"@type":"ReadAction","target":["https:\/\/universidadpyme.fundae.es\/cordoba\/2024\/02\/13\/universidad-pyme-cordoba-digitalizacion-formacion-y-empleo-agrario-servicio-publico-de-empleo-estatal\/"]}]},{"@type":"ImageObject","inLanguage":"es","@id":"https:\/\/universidadpyme.fundae.es\/cordoba\/2024\/02\/13\/universidad-pyme-cordoba-digitalizacion-formacion-y-empleo-agrario-servicio-publico-de-empleo-estatal\/#primaryimage","url":"https:\/\/universidadpyme.fundae.es\/cordoba\/wp-content\/uploads\/2024\/02\/sepe-foto-web.png","contentUrl":"https:\/\/universidadpyme.fundae.es\/cordoba\/wp-content\/uploads\/2024\/02\/sepe-foto-web.png","width":960,"height":480},{"@type":"BreadcrumbList","@id":"https:\/\/universidadpyme.fundae.es\/cordoba\/2024\/02\/13\/universidad-pyme-cordoba-digitalizacion-formacion-y-empleo-agrario-servicio-publico-de-empleo-estatal\/#breadcrumb","itemListElement":[{"@type":"ListItem","position":1,"name":"Portada","item":"https:\/\/universidadpyme.fundae.es\/cordoba\/"},{"@type":"ListItem","position":2,"name":"Universidad PYME C\u00f3rdoba: Digitalizaci\u00f3n, Formaci\u00f3n y Empleo Agrario | Servicio P\u00fablico de Empleo Estatal"}]},{"@type":"WebSite","@id":"https:\/\/universidadpyme.fundae.es\/cordoba\/#website","url":"https:\/\/universidadpyme.fundae.es\/cordoba\/","name":"Universidad PYME C\u00f3rdoba","description":"Otro sitio realizado con WordPress","potentialAction":[{"@type":"SearchAction","target":{"@type":"EntryPoint","urlTemplate":"https:\/\/universidadpyme.fundae.es\/cordoba\/?s={search_term_string}"},"query-input":"required name=search_term_string"}],"inLanguage":"es"},{"@type":"Person","@id":"https:\/\/universidadpyme.fundae.es\/cordoba\/#\/schema\/person\/9e7a0d89eff211453d34e8fdc1be91c5","name":"masanpar","image":{"@type":"ImageObject","inLanguage":"es","@id":"https:\/\/universidadpyme.fundae.es\/cordoba\/#\/schema\/person\/image\/","url":"https:\/\/secure.gravatar.com\/avatar\/828550a18f5db20181edd0945478aaa1ffc54383857d02ec9b53420b716e095f?s=96&d=mm&r=g","contentUrl":"https:\/\/secure.gravatar.com\/avatar\/828550a18f5db20181edd0945478aaa1ffc54383857d02ec9b53420b716e095f?s=96&d=mm&r=g","caption":"masanpar"},"sameAs":["http:\/\/universidadpyme.fundae.es\/aragon"],"url":"https:\/\/universidadpyme.fundae.es\/cordoba\/author\/masanpar\/"}]}},"_links":{"self":[{"href":"https:\/\/universidadpyme.fundae.es\/cordoba\/wp-json\/wp\/v2\/posts\/4162","targetHints":{"allow":["GET"]}}],"collection":[{"href":"https:\/\/universidadpyme.fundae.es\/cordoba\/wp-json\/wp\/v2\/posts"}],"about":[{"href":"https:\/\/universidadpyme.fundae.es\/cordoba\/wp-json\/wp\/v2\/types\/post"}],"author":[{"embeddable":true,"href":"https:\/\/universidadpyme.fundae.es\/cordoba\/wp-json\/wp\/v2\/users\/1"}],"replies":[{"embeddable":true,"href":"https:\/\/universidadpyme.fundae.es\/cordoba\/wp-json\/wp\/v2\/comments?post=4162"}],"version-history":[{"count":13,"href":"https:\/\/universidadpyme.fundae.es\/cordoba\/wp-json\/wp\/v2\/posts\/4162\/revisions"}],"predecessor-version":[{"id":5105,"href":"https:\/\/universidadpyme.fundae.es\/cordoba\/wp-json\/wp\/v2\/posts\/4162\/revisions\/5105"}],"wp:featuredmedia":[{"embeddable":true,"href":"https:\/\/universidadpyme.fundae.es\/cordoba\/wp-json\/wp\/v2\/media\/5106"}],"wp:attachment":[{"href":"https:\/\/universidadpyme.fundae.es\/cordoba\/wp-json\/wp\/v2\/media?parent=4162"}],"wp:term":[{"taxonomy":"category","embeddable":true,"href":"https:\/\/universidadpyme.fundae.es\/cordoba\/wp-json\/wp\/v2\/categories?post=4162"},{"taxonomy":"post_tag","embeddable":true,"href":"https:\/\/universidadpyme.fundae.es\/cordoba\/wp-json\/wp\/v2\/tags?post=4162"}],"curies":[{"name":"wp","href":"https:\/\/api.w.org\/{rel}","templated":true}]}}