{"id":4618,"date":"2024-02-08T08:00:35","date_gmt":"2024-02-08T08:00:35","guid":{"rendered":"https:\/\/universidadpyme.fundae.es\/madrid\/?p=4618"},"modified":"2024-02-28T12:13:35","modified_gmt":"2024-02-28T12:13:35","slug":"fundae-sepe-y-junta-celebraran-en-cordoba-los-dias-21-y-22-la-proxima-edicion-de-universidad-pyme","status":"publish","type":"post","link":"https:\/\/universidadpyme.fundae.es\/cordoba\/2024\/02\/08\/fundae-sepe-y-junta-celebraran-en-cordoba-los-dias-21-y-22-la-proxima-edicion-de-universidad-pyme\/","title":{"rendered":"Fundae, SEPE y Junta celebrar\u00e1n en C\u00f3rdoba los d\u00edas 21 y 22 la pr\u00f3xima edici\u00f3n de Universidad Pyme"},"content":{"rendered":"<section class=\"wpb-content-wrapper\"><p>[vc_row][vc_column width=\u00bb1\/6&#8243;][\/vc_column][vc_column width=\u00bb2\/3&#8243;][vc_column_text]<strong>08\/02\/2024 Europa Press<\/strong>\u00a0\u2013<\/p>\n<p>El proyecto \u2018Universidad Pyme\u2019 del Servicio P\u00fablico de Empleo Estatal (SEPE) y la Fundaci\u00f3n Estatal para la Formaci\u00f3n en el Empleo (Fundae) llega a Madrid esta semana para dar a conocer las \u00faltimas tendencias y novedades en el sector de la tecnolog\u00eda y la formaci\u00f3n.<\/p>\n<p class=\"titulo\">Fundae, SEPE y Junta celebrar\u00e1n en C\u00f3rdoba los d\u00edas 21 y 22 la pr\u00f3xima edici\u00f3n de Universidad Pyme<\/p>\n<p>La Fundaci\u00f3n Estatal para la Formaci\u00f3n en el Empleo (Fundae), en colaboraci\u00f3n con el Servicio P\u00fablico de Empleo Estatal (SEPE) y la Consejer\u00eda de Empleo, Empresa y Trabajo Aut\u00f3nomo de la Junta de Andaluc\u00eda, celebrar\u00e1n los d\u00edas 21 y 22 de febrero, en el Palacio de Congresos de C\u00f3rdoba, la pr\u00f3xima edici\u00f3n de Universidad Pyme.<\/p>\n<p>As\u00ed lo han dado a conocer este jueves a medios de comunicaci\u00f3n y agentes sociales y econ\u00f3micos de la provincia el director gerente de Fundae, Antonio Luis de Acevedo, y la delegada de Empleo de la Junta en C\u00f3rdoba, Mar\u00eda Dolores G\u00e1lvez, explicando, con la asistencia tambi\u00e9n de la directora provincial del SEPE en C\u00f3rdoba, Alicia V\u00edlchez, y del delegado de Agricultura de la Junta de C\u00f3rdoba, Francisco Acosta, que el proyecto tiene entre sus objetivos impulsar la transformaci\u00f3n digital entre las pymes, aut\u00f3nomos y emprendedores del sector agr\u00edcola, poniendo a su disposici\u00f3n nuevos recursos digitales y formativos.<\/p>\n<p>De hecho, en la jornada a celebrar en C\u00f3rdoba se analizar\u00e1 la digitalizaci\u00f3n en este sector desde varios prismas, como son las ayudas, el reto de las empresas, la formaci\u00f3n y cualificaci\u00f3n, o los nuevos perfiles profesionales, a trav\u00e9s de conferencias, exposiciones y espacios de &#8216;networking&#8217;.<\/p>\n<p>A este respecto, director gerente de Fundae, Antonio Luis de Acevedo ha explicado de \u00ablo que se pretende es explicar a la pyme agraria y a los trabajadores agrarios cu\u00e1les son las herramientas de las que ya se disponen, a trav\u00e9s de Fundae&#8217;, que cuenta con \u00ab1.500 recursos formativos abiertos para toda la poblaci\u00f3n, m\u00e1s un mill\u00f3n de plazas a lo largo del a\u00f1o, para abordar el proceso de digitalizaci\u00f3n que se est\u00e1 dando en todos los sectores, en el agrario tambi\u00e9n\u00bb.<\/p>\n<p>En este sentido, De Acevedo ha se\u00f1alado que \u00abes una revoluci\u00f3n que nos afecta a todos. Estamos viendo la utlizaci\u00f3n dr\u00f3nica en el campo\u00bb, a la vez que se usa \u00abInteligencia Artificial (IA) para el control de plagas o para fuegos\u00bb, mientras se aplican ya \u00abnuevos sistemas de planimetr\u00eda\u00bb, es decir, que \u00abno podemos vivir de espaldas al proceso digital y formativo\u00bb.<\/p>\n<p>De hecho, seg\u00fan ha concluido, \u00abnos afecta a todas las personas trabajadoras, y a las del campo tambi\u00e9n, pero hay herramientas, y nosotros venimos, junto con el Servicio Andaluz de Empleo (SAE), la Consejer\u00eda de Empleo de Andaluc\u00eda y el Servicio P\u00fablico de Empleo Estatal, a explicar que existen herramientas para estos procesos\u00bb.<\/p>\n<p>Por su parte, la delegada de Empleo de la Junta en C\u00f3rdoba, Mar\u00eda Dolores G\u00e1lvez, ha resaltado que la pr\u00f3xima edici\u00f3n de Universidad Pyme prevista en C\u00f3rdoba, \u00absobre digitalizaci\u00f3n y formaci\u00f3n en le sector agrario\u00bb, es \u00abmuy importante\u00bb, y por eso \u00abdesde Empleo apoyamos toda esta digitalizaci\u00f3n, porque sabemos que es fundamental, porque hace que nuestras explotaciones sean m\u00e1s rentables, y tambi\u00e9n para combatir la sequ\u00eda\u00bb.<\/p>\n<p>A este respecto, G\u00e1lvez ha defendido que \u00abes necesario que los empresarios tengan trabajadores que puedan asumir este reto digital y, para ello, estamos implementando la formaci\u00f3n necesaria, para que las empresas puedan tener los recursos humanos formados que les permitan acometer este reto que se avecina\u00bb.<\/p>\n<p>En cualquier caso, seg\u00fan ha asegurado la delegada de Empleo, \u00abtenemos peeticiones de personal formado en todos los sectores, pero, evidentemente, en la provincia de C\u00f3rdoba el sector agrario es el prioritario, con lo cual tenemos que dar respuesta a esas peticiones que nos llegan desde diferentes sectores, especialmente desde el sector agrario de la provincia\u00bb:<\/p>\n<p>&nbsp;<\/p>\n<h2>PROYECTO &#8216;UNIVERSIDAD PYME&#8217;<\/h2>\n<p>Fundae ejecuta el proyecto &#8216;Universidad PYME: Nuevos recursos digitales y formativos para pymes, aut\u00f3nomos y emprendedores&#8217;, enmarcando en el Plan Nacional de Recuperaci\u00f3n, Transformaci\u00f3n y Resiliencia, con el foco en \u00abla formaci\u00f3n en competencias digitales a lo largo de la vida laboral, tanto de personas desempleadas, como empleadas, en el marco del desarrollo de competencias digitales para las pymes\u00bb.<\/p>\n<p>El proyecto persigue difundir actuaciones de buenas pr\u00e1cticas en la formaci\u00f3n y digitalizaci\u00f3n mediante la realizaci\u00f3n de encuentros tem\u00e1ticos, ferias de formaci\u00f3n en las diferentes comunidades y en diversos sectores productivos, organizados en colaboraci\u00f3n con las instituciones auton\u00f3micas con responsabilidad en esas materias y con los agentes sociales aprovechando, al mismo tiempo, las sinergias establecidas con las empresas tecnol\u00f3gicas que participan en el proyecto &#8216;Digital\u00edzate&#8217;.<\/p>\n<p>Los encuentros tem\u00e1ticos giran en torno a dos ejes fundamentales: digitalizaci\u00f3n y formaci\u00f3n, con el fin de acompa\u00f1ar los procesos de transformaci\u00f3n digital de las pyms, econom\u00eda social, aut\u00f3nomos y emprendedores para ofrecerles soluciones y recursos formativos que faciliten la adquisici\u00f3n de las nuevas competencias digitales que est\u00e1n surgiendo y son demandadas, en todos los \u00e1mbitos de la sociedad.<\/p>\n<p>En Andaluc\u00eda, la Direcci\u00f3n General de Formaci\u00f3n Profesional para el Empleo es la encargada de organizar la celebraci\u00f3n de un congreso perteneciente a este proyecto que versar\u00e1 sobre Digitalizaci\u00f3n y Formaci\u00f3n en el Sector Agrario Andaluz, que pr\u00f3ximamente se celebrar\u00e1 en C\u00f3rdoba (21 a 22 de febrero de 2024). La planificaci\u00f3n de dicho evento se le ha encomendado al Servicio de An\u00e1lisis y Planificaci\u00f3n de la FPE.[\/vc_column_text][vc_empty_space height=\u00bb50&#8243;][\/vc_column][vc_column width=\u00bb1\/6&#8243;][\/vc_column][\/vc_row]<\/p>\n<\/section>","protected":false},"excerpt":{"rendered":"<p>[vc_row][vc_column width=\u00bb1\/6&#8243;][\/vc_column][vc_column width=\u00bb2\/3&#8243;][vc_column_text]08\/02\/2024 Europa Press\u00a0\u2013 El proyecto \u2018Universidad Pyme\u2019 del Servicio P\u00fablico de Empleo Estatal (SEPE) y la Fundaci\u00f3n Estatal para la Formaci\u00f3n en el Empleo (Fundae) llega a Madrid esta semana para dar a conocer las \u00faltimas tendencias y novedades en el sector de la tecnolog\u00eda y la formaci\u00f3n. Fundae, SEPE y Junta celebrar\u00e1n&hellip;<\/p>\n","protected":false},"author":1,"featured_media":5092,"comment_status":"closed","ping_status":"closed","sticky":false,"template":"template-microsite.php","format":"standard","meta":{"footnotes":""},"categories":[1],"tags":[],"class_list":["post-4618","post","type-post","status-publish","format-standard","has-post-thumbnail","hentry","category-sin-categoria","category-1","description-off"],"yoast_head":"<!-- This site is optimized with the Yoast SEO plugin v22.5 - https:\/\/yoast.com\/wordpress\/plugins\/seo\/ -->\n<title>Fundae, SEPE y Junta celebrar\u00e1n en C\u00f3rdoba los d\u00edas 21 y 22 la pr\u00f3xima edici\u00f3n de Universidad Pyme - Universidad PYME C\u00f3rdoba<\/title>\n<meta name=\"robots\" content=\"index, follow, max-snippet:-1, max-image-preview:large, max-video-preview:-1\" \/>\n<link rel=\"canonical\" href=\"https:\/\/universidadpyme.fundae.es\/cordoba\/2024\/02\/08\/fundae-sepe-y-junta-celebraran-en-cordoba-los-dias-21-y-22-la-proxima-edicion-de-universidad-pyme\/\" \/>\n<meta property=\"og:locale\" content=\"es_ES\" \/>\n<meta property=\"og:type\" content=\"article\" \/>\n<meta property=\"og:title\" content=\"Fundae, SEPE y Junta celebrar\u00e1n en C\u00f3rdoba los d\u00edas 21 y 22 la pr\u00f3xima edici\u00f3n de Universidad Pyme - Universidad PYME C\u00f3rdoba\" \/>\n<meta property=\"og:description\" content=\"[vc_row][vc_column width=\u00bb1\/6&#8243;][\/vc_column][vc_column width=\u00bb2\/3&#8243;][vc_column_text]08\/02\/2024 Europa Press\u00a0\u2013 El proyecto \u2018Universidad Pyme\u2019 del Servicio P\u00fablico de Empleo Estatal (SEPE) y la Fundaci\u00f3n Estatal para la Formaci\u00f3n en el Empleo (Fundae) llega a Madrid esta semana para dar a conocer las \u00faltimas tendencias y novedades en el sector de la tecnolog\u00eda y la formaci\u00f3n. Fundae, SEPE y Junta celebrar\u00e1n&hellip;\" \/>\n<meta property=\"og:url\" content=\"https:\/\/universidadpyme.fundae.es\/cordoba\/2024\/02\/08\/fundae-sepe-y-junta-celebraran-en-cordoba-los-dias-21-y-22-la-proxima-edicion-de-universidad-pyme\/\" \/>\n<meta property=\"og:site_name\" content=\"Universidad PYME C\u00f3rdoba\" \/>\n<meta property=\"article:published_time\" content=\"2024-02-08T08:00:35+00:00\" \/>\n<meta property=\"article:modified_time\" content=\"2024-02-28T12:13:35+00:00\" \/>\n<meta property=\"og:image\" content=\"https:\/\/universidadpyme.fundae.es\/cordoba\/wp-content\/uploads\/2024\/02\/foto-teleprensa-web.jpg\" \/>\n\t<meta property=\"og:image:width\" content=\"696\" \/>\n\t<meta property=\"og:image:height\" content=\"451\" \/>\n\t<meta property=\"og:image:type\" content=\"image\/jpeg\" \/>\n<meta name=\"author\" content=\"masanpar\" \/>\n<meta name=\"twitter:card\" content=\"summary_large_image\" \/>\n<meta name=\"twitter:label1\" content=\"Escrito por\" \/>\n\t<meta name=\"twitter:data1\" content=\"masanpar\" \/>\n\t<meta name=\"twitter:label2\" content=\"Tiempo de lectura\" \/>\n\t<meta name=\"twitter:data2\" content=\"5 minutos\" \/>\n<script type=\"application\/ld+json\" class=\"yoast-schema-graph\">{\"@context\":\"https:\/\/schema.org\",\"@graph\":[{\"@type\":\"WebPage\",\"@id\":\"https:\/\/universidadpyme.fundae.es\/cordoba\/2024\/02\/08\/fundae-sepe-y-junta-celebraran-en-cordoba-los-dias-21-y-22-la-proxima-edicion-de-universidad-pyme\/\",\"url\":\"https:\/\/universidadpyme.fundae.es\/cordoba\/2024\/02\/08\/fundae-sepe-y-junta-celebraran-en-cordoba-los-dias-21-y-22-la-proxima-edicion-de-universidad-pyme\/\",\"name\":\"Fundae, SEPE y Junta celebrar\u00e1n en C\u00f3rdoba los d\u00edas 21 y 22 la pr\u00f3xima edici\u00f3n de Universidad Pyme - Universidad PYME C\u00f3rdoba\",\"isPartOf\":{\"@id\":\"https:\/\/universidadpyme.fundae.es\/cordoba\/#website\"},\"primaryImageOfPage\":{\"@id\":\"https:\/\/universidadpyme.fundae.es\/cordoba\/2024\/02\/08\/fundae-sepe-y-junta-celebraran-en-cordoba-los-dias-21-y-22-la-proxima-edicion-de-universidad-pyme\/#primaryimage\"},\"image\":{\"@id\":\"https:\/\/universidadpyme.fundae.es\/cordoba\/2024\/02\/08\/fundae-sepe-y-junta-celebraran-en-cordoba-los-dias-21-y-22-la-proxima-edicion-de-universidad-pyme\/#primaryimage\"},\"thumbnailUrl\":\"https:\/\/universidadpyme.fundae.es\/cordoba\/wp-content\/uploads\/2024\/02\/foto-teleprensa-web.jpg\",\"datePublished\":\"2024-02-08T08:00:35+00:00\",\"dateModified\":\"2024-02-28T12:13:35+00:00\",\"author\":{\"@id\":\"https:\/\/universidadpyme.fundae.es\/cordoba\/#\/schema\/person\/9e7a0d89eff211453d34e8fdc1be91c5\"},\"breadcrumb\":{\"@id\":\"https:\/\/universidadpyme.fundae.es\/cordoba\/2024\/02\/08\/fundae-sepe-y-junta-celebraran-en-cordoba-los-dias-21-y-22-la-proxima-edicion-de-universidad-pyme\/#breadcrumb\"},\"inLanguage\":\"es\",\"potentialAction\":[{\"@type\":\"ReadAction\",\"target\":[\"https:\/\/universidadpyme.fundae.es\/cordoba\/2024\/02\/08\/fundae-sepe-y-junta-celebraran-en-cordoba-los-dias-21-y-22-la-proxima-edicion-de-universidad-pyme\/\"]}]},{\"@type\":\"ImageObject\",\"inLanguage\":\"es\",\"@id\":\"https:\/\/universidadpyme.fundae.es\/cordoba\/2024\/02\/08\/fundae-sepe-y-junta-celebraran-en-cordoba-los-dias-21-y-22-la-proxima-edicion-de-universidad-pyme\/#primaryimage\",\"url\":\"https:\/\/universidadpyme.fundae.es\/cordoba\/wp-content\/uploads\/2024\/02\/foto-teleprensa-web.jpg\",\"contentUrl\":\"https:\/\/universidadpyme.fundae.es\/cordoba\/wp-content\/uploads\/2024\/02\/foto-teleprensa-web.jpg\",\"width\":696,\"height\":451},{\"@type\":\"BreadcrumbList\",\"@id\":\"https:\/\/universidadpyme.fundae.es\/cordoba\/2024\/02\/08\/fundae-sepe-y-junta-celebraran-en-cordoba-los-dias-21-y-22-la-proxima-edicion-de-universidad-pyme\/#breadcrumb\",\"itemListElement\":[{\"@type\":\"ListItem\",\"position\":1,\"name\":\"Portada\",\"item\":\"https:\/\/universidadpyme.fundae.es\/cordoba\/\"},{\"@type\":\"ListItem\",\"position\":2,\"name\":\"Fundae, SEPE y Junta celebrar\u00e1n en C\u00f3rdoba los d\u00edas 21 y 22 la pr\u00f3xima edici\u00f3n de Universidad Pyme\"}]},{\"@type\":\"WebSite\",\"@id\":\"https:\/\/universidadpyme.fundae.es\/cordoba\/#website\",\"url\":\"https:\/\/universidadpyme.fundae.es\/cordoba\/\",\"name\":\"Universidad PYME C\u00f3rdoba\",\"description\":\"Otro sitio realizado con WordPress\",\"potentialAction\":[{\"@type\":\"SearchAction\",\"target\":{\"@type\":\"EntryPoint\",\"urlTemplate\":\"https:\/\/universidadpyme.fundae.es\/cordoba\/?s={search_term_string}\"},\"query-input\":\"required name=search_term_string\"}],\"inLanguage\":\"es\"},{\"@type\":\"Person\",\"@id\":\"https:\/\/universidadpyme.fundae.es\/cordoba\/#\/schema\/person\/9e7a0d89eff211453d34e8fdc1be91c5\",\"name\":\"masanpar\",\"image\":{\"@type\":\"ImageObject\",\"inLanguage\":\"es\",\"@id\":\"https:\/\/universidadpyme.fundae.es\/cordoba\/#\/schema\/person\/image\/\",\"url\":\"https:\/\/secure.gravatar.com\/avatar\/828550a18f5db20181edd0945478aaa1ffc54383857d02ec9b53420b716e095f?s=96&d=mm&r=g\",\"contentUrl\":\"https:\/\/secure.gravatar.com\/avatar\/828550a18f5db20181edd0945478aaa1ffc54383857d02ec9b53420b716e095f?s=96&d=mm&r=g\",\"caption\":\"masanpar\"},\"sameAs\":[\"http:\/\/universidadpyme.fundae.es\/aragon\"],\"url\":\"https:\/\/universidadpyme.fundae.es\/cordoba\/author\/masanpar\/\"}]}<\/script>\n<!-- \/ Yoast SEO plugin. -->","yoast_head_json":{"title":"Fundae, SEPE y Junta celebrar\u00e1n en C\u00f3rdoba los d\u00edas 21 y 22 la pr\u00f3xima edici\u00f3n de Universidad Pyme - Universidad PYME C\u00f3rdoba","robots":{"index":"index","follow":"follow","max-snippet":"max-snippet:-1","max-image-preview":"max-image-preview:large","max-video-preview":"max-video-preview:-1"},"canonical":"https:\/\/universidadpyme.fundae.es\/cordoba\/2024\/02\/08\/fundae-sepe-y-junta-celebraran-en-cordoba-los-dias-21-y-22-la-proxima-edicion-de-universidad-pyme\/","og_locale":"es_ES","og_type":"article","og_title":"Fundae, SEPE y Junta celebrar\u00e1n en C\u00f3rdoba los d\u00edas 21 y 22 la pr\u00f3xima edici\u00f3n de Universidad Pyme - Universidad PYME C\u00f3rdoba","og_description":"[vc_row][vc_column width=\u00bb1\/6&#8243;][\/vc_column][vc_column width=\u00bb2\/3&#8243;][vc_column_text]08\/02\/2024 Europa Press\u00a0\u2013 El proyecto \u2018Universidad Pyme\u2019 del Servicio P\u00fablico de Empleo Estatal (SEPE) y la Fundaci\u00f3n Estatal para la Formaci\u00f3n en el Empleo (Fundae) llega a Madrid esta semana para dar a conocer las \u00faltimas tendencias y novedades en el sector de la tecnolog\u00eda y la formaci\u00f3n. Fundae, SEPE y Junta celebrar\u00e1n&hellip;","og_url":"https:\/\/universidadpyme.fundae.es\/cordoba\/2024\/02\/08\/fundae-sepe-y-junta-celebraran-en-cordoba-los-dias-21-y-22-la-proxima-edicion-de-universidad-pyme\/","og_site_name":"Universidad PYME C\u00f3rdoba","article_published_time":"2024-02-08T08:00:35+00:00","article_modified_time":"2024-02-28T12:13:35+00:00","og_image":[{"width":696,"height":451,"url":"https:\/\/universidadpyme.fundae.es\/cordoba\/wp-content\/uploads\/2024\/02\/foto-teleprensa-web.jpg","type":"image\/jpeg"}],"author":"masanpar","twitter_card":"summary_large_image","twitter_misc":{"Escrito por":"masanpar","Tiempo de lectura":"5 minutos"},"schema":{"@context":"https:\/\/schema.org","@graph":[{"@type":"WebPage","@id":"https:\/\/universidadpyme.fundae.es\/cordoba\/2024\/02\/08\/fundae-sepe-y-junta-celebraran-en-cordoba-los-dias-21-y-22-la-proxima-edicion-de-universidad-pyme\/","url":"https:\/\/universidadpyme.fundae.es\/cordoba\/2024\/02\/08\/fundae-sepe-y-junta-celebraran-en-cordoba-los-dias-21-y-22-la-proxima-edicion-de-universidad-pyme\/","name":"Fundae, SEPE y Junta celebrar\u00e1n en C\u00f3rdoba los d\u00edas 21 y 22 la pr\u00f3xima edici\u00f3n de Universidad Pyme - Universidad PYME C\u00f3rdoba","isPartOf":{"@id":"https:\/\/universidadpyme.fundae.es\/cordoba\/#website"},"primaryImageOfPage":{"@id":"https:\/\/universidadpyme.fundae.es\/cordoba\/2024\/02\/08\/fundae-sepe-y-junta-celebraran-en-cordoba-los-dias-21-y-22-la-proxima-edicion-de-universidad-pyme\/#primaryimage"},"image":{"@id":"https:\/\/universidadpyme.fundae.es\/cordoba\/2024\/02\/08\/fundae-sepe-y-junta-celebraran-en-cordoba-los-dias-21-y-22-la-proxima-edicion-de-universidad-pyme\/#primaryimage"},"thumbnailUrl":"https:\/\/universidadpyme.fundae.es\/cordoba\/wp-content\/uploads\/2024\/02\/foto-teleprensa-web.jpg","datePublished":"2024-02-08T08:00:35+00:00","dateModified":"2024-02-28T12:13:35+00:00","author":{"@id":"https:\/\/universidadpyme.fundae.es\/cordoba\/#\/schema\/person\/9e7a0d89eff211453d34e8fdc1be91c5"},"breadcrumb":{"@id":"https:\/\/universidadpyme.fundae.es\/cordoba\/2024\/02\/08\/fundae-sepe-y-junta-celebraran-en-cordoba-los-dias-21-y-22-la-proxima-edicion-de-universidad-pyme\/#breadcrumb"},"inLanguage":"es","potentialAction":[{"@type":"ReadAction","target":["https:\/\/universidadpyme.fundae.es\/cordoba\/2024\/02\/08\/fundae-sepe-y-junta-celebraran-en-cordoba-los-dias-21-y-22-la-proxima-edicion-de-universidad-pyme\/"]}]},{"@type":"ImageObject","inLanguage":"es","@id":"https:\/\/universidadpyme.fundae.es\/cordoba\/2024\/02\/08\/fundae-sepe-y-junta-celebraran-en-cordoba-los-dias-21-y-22-la-proxima-edicion-de-universidad-pyme\/#primaryimage","url":"https:\/\/universidadpyme.fundae.es\/cordoba\/wp-content\/uploads\/2024\/02\/foto-teleprensa-web.jpg","contentUrl":"https:\/\/universidadpyme.fundae.es\/cordoba\/wp-content\/uploads\/2024\/02\/foto-teleprensa-web.jpg","width":696,"height":451},{"@type":"BreadcrumbList","@id":"https:\/\/universidadpyme.fundae.es\/cordoba\/2024\/02\/08\/fundae-sepe-y-junta-celebraran-en-cordoba-los-dias-21-y-22-la-proxima-edicion-de-universidad-pyme\/#breadcrumb","itemListElement":[{"@type":"ListItem","position":1,"name":"Portada","item":"https:\/\/universidadpyme.fundae.es\/cordoba\/"},{"@type":"ListItem","position":2,"name":"Fundae, SEPE y Junta celebrar\u00e1n en C\u00f3rdoba los d\u00edas 21 y 22 la pr\u00f3xima edici\u00f3n de Universidad Pyme"}]},{"@type":"WebSite","@id":"https:\/\/universidadpyme.fundae.es\/cordoba\/#website","url":"https:\/\/universidadpyme.fundae.es\/cordoba\/","name":"Universidad PYME C\u00f3rdoba","description":"Otro sitio realizado con WordPress","potentialAction":[{"@type":"SearchAction","target":{"@type":"EntryPoint","urlTemplate":"https:\/\/universidadpyme.fundae.es\/cordoba\/?s={search_term_string}"},"query-input":"required name=search_term_string"}],"inLanguage":"es"},{"@type":"Person","@id":"https:\/\/universidadpyme.fundae.es\/cordoba\/#\/schema\/person\/9e7a0d89eff211453d34e8fdc1be91c5","name":"masanpar","image":{"@type":"ImageObject","inLanguage":"es","@id":"https:\/\/universidadpyme.fundae.es\/cordoba\/#\/schema\/person\/image\/","url":"https:\/\/secure.gravatar.com\/avatar\/828550a18f5db20181edd0945478aaa1ffc54383857d02ec9b53420b716e095f?s=96&d=mm&r=g","contentUrl":"https:\/\/secure.gravatar.com\/avatar\/828550a18f5db20181edd0945478aaa1ffc54383857d02ec9b53420b716e095f?s=96&d=mm&r=g","caption":"masanpar"},"sameAs":["http:\/\/universidadpyme.fundae.es\/aragon"],"url":"https:\/\/universidadpyme.fundae.es\/cordoba\/author\/masanpar\/"}]}},"_links":{"self":[{"href":"https:\/\/universidadpyme.fundae.es\/cordoba\/wp-json\/wp\/v2\/posts\/4618","targetHints":{"allow":["GET"]}}],"collection":[{"href":"https:\/\/universidadpyme.fundae.es\/cordoba\/wp-json\/wp\/v2\/posts"}],"about":[{"href":"https:\/\/universidadpyme.fundae.es\/cordoba\/wp-json\/wp\/v2\/types\/post"}],"author":[{"embeddable":true,"href":"https:\/\/universidadpyme.fundae.es\/cordoba\/wp-json\/wp\/v2\/users\/1"}],"replies":[{"embeddable":true,"href":"https:\/\/universidadpyme.fundae.es\/cordoba\/wp-json\/wp\/v2\/comments?post=4618"}],"version-history":[{"count":7,"href":"https:\/\/universidadpyme.fundae.es\/cordoba\/wp-json\/wp\/v2\/posts\/4618\/revisions"}],"predecessor-version":[{"id":5095,"href":"https:\/\/universidadpyme.fundae.es\/cordoba\/wp-json\/wp\/v2\/posts\/4618\/revisions\/5095"}],"wp:featuredmedia":[{"embeddable":true,"href":"https:\/\/universidadpyme.fundae.es\/cordoba\/wp-json\/wp\/v2\/media\/5092"}],"wp:attachment":[{"href":"https:\/\/universidadpyme.fundae.es\/cordoba\/wp-json\/wp\/v2\/media?parent=4618"}],"wp:term":[{"taxonomy":"category","embeddable":true,"href":"https:\/\/universidadpyme.fundae.es\/cordoba\/wp-json\/wp\/v2\/categories?post=4618"},{"taxonomy":"post_tag","embeddable":true,"href":"https:\/\/universidadpyme.fundae.es\/cordoba\/wp-json\/wp\/v2\/tags?post=4618"}],"curies":[{"name":"wp","href":"https:\/\/api.w.org\/{rel}","templated":true}]}}