{"id":4626,"date":"2024-02-09T00:00:56","date_gmt":"2024-02-09T00:00:56","guid":{"rendered":"https:\/\/universidadpyme.fundae.es\/madrid\/?p=4626"},"modified":"2024-02-28T12:27:38","modified_gmt":"2024-02-28T12:27:38","slug":"mas-de-60-empresas-confirman-su-asistencia-al-evento-de-formacion-digital-universidad-pyme-a-final-de-mes","status":"publish","type":"post","link":"https:\/\/universidadpyme.fundae.es\/cordoba\/2024\/02\/09\/mas-de-60-empresas-confirman-su-asistencia-al-evento-de-formacion-digital-universidad-pyme-a-final-de-mes\/","title":{"rendered":"Sembramos futuro: Digitalizaci\u00f3n, Formaci\u00f3n y Empleo Agrario. Del 6&#8242; 36&#8243; a 6&#8242; 55&#8243;"},"content":{"rendered":"<section class=\"wpb-content-wrapper\"><p>[vc_row][vc_column width=\u00bb1\/6&#8243;][\/vc_column][vc_column width=\u00bb2\/3&#8243;][vc_column_text]09\/02\/2024 CanalSurWeb Andaluc\u00eda \u2013<\/p>\n<p>El encuentro se celebra los d\u00edas 21 y 22 de febrero en el Palacio de Congresos.<\/p>\n<p>&nbsp;<\/p>\n<div>\n<div style=\"left: 0; width: 100%; height: 0; position: relative; padding-bottom: 56.25%;\"><iframe style=\"top: 0; left: 0; width: 100%; height: 100%; position: absolute; border: 0;\" src=\"\/\/iframely.net\/kLVUDEb\" allowfullscreen=\"allowfullscreen\"><\/iframe><\/div>\n<\/div>\n<p><script async src=\"\/\/iframely.net\/embed.js\"><\/script>[\/vc_column_text][vc_empty_space height=\u00bb50&#8243;][\/vc_column][vc_column width=\u00bb1\/6&#8243;][\/vc_column][\/vc_row]<\/p>\n<\/section>","protected":false},"excerpt":{"rendered":"<p>[vc_row][vc_column width=\u00bb1\/6&#8243;][\/vc_column][vc_column width=\u00bb2\/3&#8243;][vc_column_text]09\/02\/2024 CanalSurWeb Andaluc\u00eda \u2013 El encuentro se celebra los d\u00edas 21 y 22 de febrero en el Palacio de Congresos. &nbsp; [\/vc_column_text][vc_empty_space height=\u00bb50&#8243;][\/vc_column][vc_column width=\u00bb1\/6&#8243;][\/vc_column][\/vc_row]<\/p>\n","protected":false},"author":1,"featured_media":4841,"comment_status":"closed","ping_status":"closed","sticky":false,"template":"template-microsite.php","format":"standard","meta":{"footnotes":""},"categories":[1],"tags":[],"class_list":["post-4626","post","type-post","status-publish","format-standard","has-post-thumbnail","hentry","category-sin-categoria","category-1","description-off"],"yoast_head":"<!-- This site is optimized with the Yoast SEO plugin v22.5 - https:\/\/yoast.com\/wordpress\/plugins\/seo\/ -->\n<title>Sembramos futuro: Digitalizaci\u00f3n, Formaci\u00f3n y Empleo Agrario. Del 6&#039; 36&quot; a 6&#039; 55&quot; - Universidad PYME C\u00f3rdoba<\/title>\n<meta name=\"robots\" content=\"index, follow, max-snippet:-1, max-image-preview:large, max-video-preview:-1\" \/>\n<link rel=\"canonical\" href=\"https:\/\/universidadpyme.fundae.es\/cordoba\/2024\/02\/09\/mas-de-60-empresas-confirman-su-asistencia-al-evento-de-formacion-digital-universidad-pyme-a-final-de-mes\/\" \/>\n<meta property=\"og:locale\" content=\"es_ES\" \/>\n<meta property=\"og:type\" content=\"article\" \/>\n<meta property=\"og:title\" content=\"Sembramos futuro: Digitalizaci\u00f3n, Formaci\u00f3n y Empleo Agrario. Del 6&#039; 36&quot; a 6&#039; 55&quot; - Universidad PYME C\u00f3rdoba\" \/>\n<meta property=\"og:description\" content=\"[vc_row][vc_column width=\u00bb1\/6&#8243;][\/vc_column][vc_column width=\u00bb2\/3&#8243;][vc_column_text]09\/02\/2024 CanalSurWeb Andaluc\u00eda \u2013 El encuentro se celebra los d\u00edas 21 y 22 de febrero en el Palacio de Congresos. &nbsp; [\/vc_column_text][vc_empty_space height=\u00bb50&#8243;][\/vc_column][vc_column width=\u00bb1\/6&#8243;][\/vc_column][\/vc_row]\" \/>\n<meta property=\"og:url\" content=\"https:\/\/universidadpyme.fundae.es\/cordoba\/2024\/02\/09\/mas-de-60-empresas-confirman-su-asistencia-al-evento-de-formacion-digital-universidad-pyme-a-final-de-mes\/\" \/>\n<meta property=\"og:site_name\" content=\"Universidad PYME C\u00f3rdoba\" \/>\n<meta property=\"article:published_time\" content=\"2024-02-09T00:00:56+00:00\" \/>\n<meta property=\"article:modified_time\" content=\"2024-02-28T12:27:38+00:00\" \/>\n<meta property=\"og:image\" content=\"https:\/\/universidadpyme.fundae.es\/cordoba\/wp-content\/uploads\/2024\/02\/logo-UP-nuevo-desnivel-e1707814323981.png\" \/>\n\t<meta property=\"og:image:width\" content=\"1119\" \/>\n\t<meta property=\"og:image:height\" content=\"687\" \/>\n\t<meta property=\"og:image:type\" content=\"image\/png\" \/>\n<meta name=\"author\" content=\"masanpar\" \/>\n<meta name=\"twitter:card\" content=\"summary_large_image\" \/>\n<meta name=\"twitter:label1\" content=\"Escrito por\" \/>\n\t<meta name=\"twitter:data1\" content=\"masanpar\" \/>\n\t<meta name=\"twitter:label2\" content=\"Tiempo de lectura\" \/>\n\t<meta name=\"twitter:data2\" content=\"1 minuto\" \/>\n<script type=\"application\/ld+json\" class=\"yoast-schema-graph\">{\"@context\":\"https:\/\/schema.org\",\"@graph\":[{\"@type\":\"WebPage\",\"@id\":\"https:\/\/universidadpyme.fundae.es\/cordoba\/2024\/02\/09\/mas-de-60-empresas-confirman-su-asistencia-al-evento-de-formacion-digital-universidad-pyme-a-final-de-mes\/\",\"url\":\"https:\/\/universidadpyme.fundae.es\/cordoba\/2024\/02\/09\/mas-de-60-empresas-confirman-su-asistencia-al-evento-de-formacion-digital-universidad-pyme-a-final-de-mes\/\",\"name\":\"Sembramos futuro: Digitalizaci\u00f3n, Formaci\u00f3n y Empleo Agrario. Del 6' 36\\\" a 6' 55\\\" - Universidad PYME C\u00f3rdoba\",\"isPartOf\":{\"@id\":\"https:\/\/universidadpyme.fundae.es\/cordoba\/#website\"},\"primaryImageOfPage\":{\"@id\":\"https:\/\/universidadpyme.fundae.es\/cordoba\/2024\/02\/09\/mas-de-60-empresas-confirman-su-asistencia-al-evento-de-formacion-digital-universidad-pyme-a-final-de-mes\/#primaryimage\"},\"image\":{\"@id\":\"https:\/\/universidadpyme.fundae.es\/cordoba\/2024\/02\/09\/mas-de-60-empresas-confirman-su-asistencia-al-evento-de-formacion-digital-universidad-pyme-a-final-de-mes\/#primaryimage\"},\"thumbnailUrl\":\"https:\/\/universidadpyme.fundae.es\/cordoba\/wp-content\/uploads\/2024\/02\/logo-UP-nuevo-desnivel-e1707814323981.png\",\"datePublished\":\"2024-02-09T00:00:56+00:00\",\"dateModified\":\"2024-02-28T12:27:38+00:00\",\"author\":{\"@id\":\"https:\/\/universidadpyme.fundae.es\/cordoba\/#\/schema\/person\/9e7a0d89eff211453d34e8fdc1be91c5\"},\"breadcrumb\":{\"@id\":\"https:\/\/universidadpyme.fundae.es\/cordoba\/2024\/02\/09\/mas-de-60-empresas-confirman-su-asistencia-al-evento-de-formacion-digital-universidad-pyme-a-final-de-mes\/#breadcrumb\"},\"inLanguage\":\"es\",\"potentialAction\":[{\"@type\":\"ReadAction\",\"target\":[\"https:\/\/universidadpyme.fundae.es\/cordoba\/2024\/02\/09\/mas-de-60-empresas-confirman-su-asistencia-al-evento-de-formacion-digital-universidad-pyme-a-final-de-mes\/\"]}]},{\"@type\":\"ImageObject\",\"inLanguage\":\"es\",\"@id\":\"https:\/\/universidadpyme.fundae.es\/cordoba\/2024\/02\/09\/mas-de-60-empresas-confirman-su-asistencia-al-evento-de-formacion-digital-universidad-pyme-a-final-de-mes\/#primaryimage\",\"url\":\"https:\/\/universidadpyme.fundae.es\/cordoba\/wp-content\/uploads\/2024\/02\/logo-UP-nuevo-desnivel-e1707814323981.png\",\"contentUrl\":\"https:\/\/universidadpyme.fundae.es\/cordoba\/wp-content\/uploads\/2024\/02\/logo-UP-nuevo-desnivel-e1707814323981.png\",\"width\":1119,\"height\":687},{\"@type\":\"BreadcrumbList\",\"@id\":\"https:\/\/universidadpyme.fundae.es\/cordoba\/2024\/02\/09\/mas-de-60-empresas-confirman-su-asistencia-al-evento-de-formacion-digital-universidad-pyme-a-final-de-mes\/#breadcrumb\",\"itemListElement\":[{\"@type\":\"ListItem\",\"position\":1,\"name\":\"Portada\",\"item\":\"https:\/\/universidadpyme.fundae.es\/cordoba\/\"},{\"@type\":\"ListItem\",\"position\":2,\"name\":\"Sembramos futuro: Digitalizaci\u00f3n, Formaci\u00f3n y Empleo Agrario. Del 6&#8242; 36&#8243; a 6&#8242; 55&#8243;\"}]},{\"@type\":\"WebSite\",\"@id\":\"https:\/\/universidadpyme.fundae.es\/cordoba\/#website\",\"url\":\"https:\/\/universidadpyme.fundae.es\/cordoba\/\",\"name\":\"Universidad PYME C\u00f3rdoba\",\"description\":\"Otro sitio realizado con WordPress\",\"potentialAction\":[{\"@type\":\"SearchAction\",\"target\":{\"@type\":\"EntryPoint\",\"urlTemplate\":\"https:\/\/universidadpyme.fundae.es\/cordoba\/?s={search_term_string}\"},\"query-input\":\"required name=search_term_string\"}],\"inLanguage\":\"es\"},{\"@type\":\"Person\",\"@id\":\"https:\/\/universidadpyme.fundae.es\/cordoba\/#\/schema\/person\/9e7a0d89eff211453d34e8fdc1be91c5\",\"name\":\"masanpar\",\"image\":{\"@type\":\"ImageObject\",\"inLanguage\":\"es\",\"@id\":\"https:\/\/universidadpyme.fundae.es\/cordoba\/#\/schema\/person\/image\/\",\"url\":\"https:\/\/secure.gravatar.com\/avatar\/828550a18f5db20181edd0945478aaa1ffc54383857d02ec9b53420b716e095f?s=96&d=mm&r=g\",\"contentUrl\":\"https:\/\/secure.gravatar.com\/avatar\/828550a18f5db20181edd0945478aaa1ffc54383857d02ec9b53420b716e095f?s=96&d=mm&r=g\",\"caption\":\"masanpar\"},\"sameAs\":[\"http:\/\/universidadpyme.fundae.es\/aragon\"],\"url\":\"https:\/\/universidadpyme.fundae.es\/cordoba\/author\/masanpar\/\"}]}<\/script>\n<!-- \/ Yoast SEO plugin. -->","yoast_head_json":{"title":"Sembramos futuro: Digitalizaci\u00f3n, Formaci\u00f3n y Empleo Agrario. Del 6' 36\" a 6' 55\" - Universidad PYME C\u00f3rdoba","robots":{"index":"index","follow":"follow","max-snippet":"max-snippet:-1","max-image-preview":"max-image-preview:large","max-video-preview":"max-video-preview:-1"},"canonical":"https:\/\/universidadpyme.fundae.es\/cordoba\/2024\/02\/09\/mas-de-60-empresas-confirman-su-asistencia-al-evento-de-formacion-digital-universidad-pyme-a-final-de-mes\/","og_locale":"es_ES","og_type":"article","og_title":"Sembramos futuro: Digitalizaci\u00f3n, Formaci\u00f3n y Empleo Agrario. Del 6' 36\" a 6' 55\" - Universidad PYME C\u00f3rdoba","og_description":"[vc_row][vc_column width=\u00bb1\/6&#8243;][\/vc_column][vc_column width=\u00bb2\/3&#8243;][vc_column_text]09\/02\/2024 CanalSurWeb Andaluc\u00eda \u2013 El encuentro se celebra los d\u00edas 21 y 22 de febrero en el Palacio de Congresos. &nbsp; [\/vc_column_text][vc_empty_space height=\u00bb50&#8243;][\/vc_column][vc_column width=\u00bb1\/6&#8243;][\/vc_column][\/vc_row]","og_url":"https:\/\/universidadpyme.fundae.es\/cordoba\/2024\/02\/09\/mas-de-60-empresas-confirman-su-asistencia-al-evento-de-formacion-digital-universidad-pyme-a-final-de-mes\/","og_site_name":"Universidad PYME C\u00f3rdoba","article_published_time":"2024-02-09T00:00:56+00:00","article_modified_time":"2024-02-28T12:27:38+00:00","og_image":[{"width":1119,"height":687,"url":"https:\/\/universidadpyme.fundae.es\/cordoba\/wp-content\/uploads\/2024\/02\/logo-UP-nuevo-desnivel-e1707814323981.png","type":"image\/png"}],"author":"masanpar","twitter_card":"summary_large_image","twitter_misc":{"Escrito por":"masanpar","Tiempo de lectura":"1 minuto"},"schema":{"@context":"https:\/\/schema.org","@graph":[{"@type":"WebPage","@id":"https:\/\/universidadpyme.fundae.es\/cordoba\/2024\/02\/09\/mas-de-60-empresas-confirman-su-asistencia-al-evento-de-formacion-digital-universidad-pyme-a-final-de-mes\/","url":"https:\/\/universidadpyme.fundae.es\/cordoba\/2024\/02\/09\/mas-de-60-empresas-confirman-su-asistencia-al-evento-de-formacion-digital-universidad-pyme-a-final-de-mes\/","name":"Sembramos futuro: Digitalizaci\u00f3n, Formaci\u00f3n y Empleo Agrario. Del 6' 36\" a 6' 55\" - Universidad PYME C\u00f3rdoba","isPartOf":{"@id":"https:\/\/universidadpyme.fundae.es\/cordoba\/#website"},"primaryImageOfPage":{"@id":"https:\/\/universidadpyme.fundae.es\/cordoba\/2024\/02\/09\/mas-de-60-empresas-confirman-su-asistencia-al-evento-de-formacion-digital-universidad-pyme-a-final-de-mes\/#primaryimage"},"image":{"@id":"https:\/\/universidadpyme.fundae.es\/cordoba\/2024\/02\/09\/mas-de-60-empresas-confirman-su-asistencia-al-evento-de-formacion-digital-universidad-pyme-a-final-de-mes\/#primaryimage"},"thumbnailUrl":"https:\/\/universidadpyme.fundae.es\/cordoba\/wp-content\/uploads\/2024\/02\/logo-UP-nuevo-desnivel-e1707814323981.png","datePublished":"2024-02-09T00:00:56+00:00","dateModified":"2024-02-28T12:27:38+00:00","author":{"@id":"https:\/\/universidadpyme.fundae.es\/cordoba\/#\/schema\/person\/9e7a0d89eff211453d34e8fdc1be91c5"},"breadcrumb":{"@id":"https:\/\/universidadpyme.fundae.es\/cordoba\/2024\/02\/09\/mas-de-60-empresas-confirman-su-asistencia-al-evento-de-formacion-digital-universidad-pyme-a-final-de-mes\/#breadcrumb"},"inLanguage":"es","potentialAction":[{"@type":"ReadAction","target":["https:\/\/universidadpyme.fundae.es\/cordoba\/2024\/02\/09\/mas-de-60-empresas-confirman-su-asistencia-al-evento-de-formacion-digital-universidad-pyme-a-final-de-mes\/"]}]},{"@type":"ImageObject","inLanguage":"es","@id":"https:\/\/universidadpyme.fundae.es\/cordoba\/2024\/02\/09\/mas-de-60-empresas-confirman-su-asistencia-al-evento-de-formacion-digital-universidad-pyme-a-final-de-mes\/#primaryimage","url":"https:\/\/universidadpyme.fundae.es\/cordoba\/wp-content\/uploads\/2024\/02\/logo-UP-nuevo-desnivel-e1707814323981.png","contentUrl":"https:\/\/universidadpyme.fundae.es\/cordoba\/wp-content\/uploads\/2024\/02\/logo-UP-nuevo-desnivel-e1707814323981.png","width":1119,"height":687},{"@type":"BreadcrumbList","@id":"https:\/\/universidadpyme.fundae.es\/cordoba\/2024\/02\/09\/mas-de-60-empresas-confirman-su-asistencia-al-evento-de-formacion-digital-universidad-pyme-a-final-de-mes\/#breadcrumb","itemListElement":[{"@type":"ListItem","position":1,"name":"Portada","item":"https:\/\/universidadpyme.fundae.es\/cordoba\/"},{"@type":"ListItem","position":2,"name":"Sembramos futuro: Digitalizaci\u00f3n, Formaci\u00f3n y Empleo Agrario. Del 6&#8242; 36&#8243; a 6&#8242; 55&#8243;"}]},{"@type":"WebSite","@id":"https:\/\/universidadpyme.fundae.es\/cordoba\/#website","url":"https:\/\/universidadpyme.fundae.es\/cordoba\/","name":"Universidad PYME C\u00f3rdoba","description":"Otro sitio realizado con WordPress","potentialAction":[{"@type":"SearchAction","target":{"@type":"EntryPoint","urlTemplate":"https:\/\/universidadpyme.fundae.es\/cordoba\/?s={search_term_string}"},"query-input":"required name=search_term_string"}],"inLanguage":"es"},{"@type":"Person","@id":"https:\/\/universidadpyme.fundae.es\/cordoba\/#\/schema\/person\/9e7a0d89eff211453d34e8fdc1be91c5","name":"masanpar","image":{"@type":"ImageObject","inLanguage":"es","@id":"https:\/\/universidadpyme.fundae.es\/cordoba\/#\/schema\/person\/image\/","url":"https:\/\/secure.gravatar.com\/avatar\/828550a18f5db20181edd0945478aaa1ffc54383857d02ec9b53420b716e095f?s=96&d=mm&r=g","contentUrl":"https:\/\/secure.gravatar.com\/avatar\/828550a18f5db20181edd0945478aaa1ffc54383857d02ec9b53420b716e095f?s=96&d=mm&r=g","caption":"masanpar"},"sameAs":["http:\/\/universidadpyme.fundae.es\/aragon"],"url":"https:\/\/universidadpyme.fundae.es\/cordoba\/author\/masanpar\/"}]}},"_links":{"self":[{"href":"https:\/\/universidadpyme.fundae.es\/cordoba\/wp-json\/wp\/v2\/posts\/4626","targetHints":{"allow":["GET"]}}],"collection":[{"href":"https:\/\/universidadpyme.fundae.es\/cordoba\/wp-json\/wp\/v2\/posts"}],"about":[{"href":"https:\/\/universidadpyme.fundae.es\/cordoba\/wp-json\/wp\/v2\/types\/post"}],"author":[{"embeddable":true,"href":"https:\/\/universidadpyme.fundae.es\/cordoba\/wp-json\/wp\/v2\/users\/1"}],"replies":[{"embeddable":true,"href":"https:\/\/universidadpyme.fundae.es\/cordoba\/wp-json\/wp\/v2\/comments?post=4626"}],"version-history":[{"count":4,"href":"https:\/\/universidadpyme.fundae.es\/cordoba\/wp-json\/wp\/v2\/posts\/4626\/revisions"}],"predecessor-version":[{"id":5103,"href":"https:\/\/universidadpyme.fundae.es\/cordoba\/wp-json\/wp\/v2\/posts\/4626\/revisions\/5103"}],"wp:featuredmedia":[{"embeddable":true,"href":"https:\/\/universidadpyme.fundae.es\/cordoba\/wp-json\/wp\/v2\/media\/4841"}],"wp:attachment":[{"href":"https:\/\/universidadpyme.fundae.es\/cordoba\/wp-json\/wp\/v2\/media?parent=4626"}],"wp:term":[{"taxonomy":"category","embeddable":true,"href":"https:\/\/universidadpyme.fundae.es\/cordoba\/wp-json\/wp\/v2\/categories?post=4626"},{"taxonomy":"post_tag","embeddable":true,"href":"https:\/\/universidadpyme.fundae.es\/cordoba\/wp-json\/wp\/v2\/tags?post=4626"}],"curies":[{"name":"wp","href":"https:\/\/api.w.org\/{rel}","templated":true}]}}