{"id":4628,"date":"2024-02-08T18:28:15","date_gmt":"2024-02-08T18:28:15","guid":{"rendered":"https:\/\/universidadpyme.fundae.es\/madrid\/?p=4628"},"modified":"2024-02-28T12:19:57","modified_gmt":"2024-02-28T12:19:57","slug":"el-congreso-sobre-digitalizacion-y-formacion-en-el-sector-agrario-reunira-en-cordoba-a-2-000-personas","status":"publish","type":"post","link":"https:\/\/universidadpyme.fundae.es\/cordoba\/2024\/02\/08\/el-congreso-sobre-digitalizacion-y-formacion-en-el-sector-agrario-reunira-en-cordoba-a-2-000-personas\/","title":{"rendered":"El congreso sobre Digitalizaci\u00f3n y Formaci\u00f3n en el Sector Agrario reunir\u00e1 en C\u00f3rdoba a 2.000 personas"},"content":{"rendered":"<section class=\"wpb-content-wrapper\"><p>[vc_row][vc_column width=\u00bb1\/6&#8243;][\/vc_column][vc_column width=\u00bb2\/3&#8243;][vc_column_text]<strong>08\/02\/2024 El D\u00eda de C\u00f3rdoba \u2013\u00a0<\/strong><\/p>\n<p>La cita, que se celebrar\u00e1 los d\u00edas 21 y 22 de febrero, est\u00e1 organizada por Fundae y la Delegaci\u00f3n de Empleo de la Junta<\/p>\n<p><a class=\"lnk\" title=\"Los agricultores se bajan del tractor y cortan a pie la carretera N-432 en Baena\" href=\"https:\/\/www.eldiadecordoba.es\/provincia\/agricultores-corte-carretera-N-432-Baena_0_1873914224.html\" data-mrf-link=\"https:\/\/www.eldiadecordoba.es\/provincia\/agricultores-corte-carretera-N-432-Baena_0_1873914224.html\">Los agricultores se bajan del tractor y cortan a pie la carretera N-432 en Baena<\/a><\/p>\n<p><a class=\"lnk\" title=\"Nueva marcha lenta de tractores entre Los Pedroches y el Alto Guadiato\" href=\"https:\/\/www.eldiadecordoba.es\/provincia\/marcha-tractores-Pedroches-Alto-Guadiato-video_0_1873913063.html\" data-mrf-link=\"https:\/\/www.eldiadecordoba.es\/provincia\/marcha-tractores-Pedroches-Alto-Guadiato-video_0_1873913063.html\">Nueva marcha lenta de tractores entre Los Pedroches y el Alto Guadiato<\/a><\/p>\n<p class=\"mce\" align=\"left\">El director gerente de la\u00a0<strong class=\"mce\">Fundaci\u00f3n Estatal para la Formaci\u00f3n en el Empleo<\/strong>\u00a0(Fundae), Antonio Luis de Acevedo, y la delegada de Empleo, Empresa y Trabajo Aut\u00f3nomo,\u00a0<strong class=\"mce\">Mar\u00eda Dolores G\u00e1lvez<\/strong>, han presentado este jueves 8 de febrero el\u00a0<strong class=\"mce\">Congreso Digitalizaci\u00f3n y Formaci\u00f3n en el Sector Agrario Andaluz<\/strong>, que se celebrar\u00e1 en C\u00f3rdoba los d\u00edas 21 y 22 de febrero.<\/p>\n<p class=\"mce\" align=\"left\">Esta actividad se enmarca dentro del proyecto\u00a0<em class=\"mce\">Universidad PYME Sembrando Futuro<\/em>\u00a0enmarcado en el Plan Nacional de Recuperaci\u00f3n, Transformaci\u00f3n y Resiliencia. El objetivo es difundir actuaciones de\u00a0<strong class=\"mce\">buenas pr\u00e1cticas en la formaci\u00f3n y digitalizaci\u00f3n mediante la realizaci\u00f3n de encuentros<\/strong>, como el que se producir\u00e1 en C\u00f3rdoba, con el fin de facilitar los procesos de transformaci\u00f3n digital, en este caso de las pymes y aut\u00f3nomos del sector agrario.<\/p>\n<p align=\"left\">La delegada de Empleo ha agradecido a Fundae el haber elegido C\u00f3rdoba para desarrollar esta iniciativa en un sector prioritario para la provincia. \u201cPara la Consejer\u00eda de Empleo es importante apoyar\u00a0<strong class=\"mce\">digitalizaci\u00f3n en este sector<\/strong>\u00a0porque sabemos que es fundamental y consigue que nuestras explotaciones sean m\u00e1s rentables y m\u00e1s sostenibles\u201d, ha indicado.<\/p>\n<p class=\"mce\" align=\"left\">En la misma l\u00ednea, ha a\u00f1adido que \u201ces necesario que los empresarios cuenten con trabajadores que puedan asumir este reto digital y en ello trabajamos, en ponen en marcha acciones formativas enfocadas a estas cuestiones para que las empresas agr\u00edcolas cuentes con los recursos humanos formados para hacer frente a este reto\u201d.<\/p>\n<p class=\"mce\" align=\"left\">Por su parte el director gerente de Fundae ha explicado que este congreso est\u00e1 dirigido al peque\u00f1o empresario y trabajadores del sector agrario. \u201cSe espera la participaci\u00f3n de unas<strong class=\"mce\">\u00a02.000 personas<\/strong>\u00a0en los diferentes espacios que se pondr\u00e1n en marcha como conferencias, debates, mesas redondas o\u00a0<em class=\"mce\">networking<\/em>, y todos ellos centrados en como digitalizar el campo\u201d, ha informado.<\/p>\n<p class=\"mce\" align=\"left\">El responsable de la fundaci\u00f3n ha incidido en que \u201cla\u00a0<strong class=\"mce\">revoluci\u00f3n digital<\/strong>\u00a0afecta a todo y a todos y no podemos vivir de espalda a este proceso digital y formativo. Por eso en necesario conocer que existen herramientas para estos procesos, herramientas que presentamos de manera conjunta entre Fundae, Consejer\u00eda de Empleo y Servicio P\u00fablico de Empleo Estatal\u201d, ha incidido.<\/p>\n<p class=\"mce\" align=\"left\">Fundae cuenta con 1.500 recursos formativos que ofertan un mill\u00f3n de plazas para abordar el proceso digitalizaci\u00f3n en todos sectores, incluido el agrario.<\/p>\n<p>[\/vc_column_text][vc_empty_space height=\u00bb50&#8243;][\/vc_column][vc_column width=\u00bb1\/6&#8243;][\/vc_column][\/vc_row]<\/p>\n<\/section>","protected":false},"excerpt":{"rendered":"<p>[vc_row][vc_column width=\u00bb1\/6&#8243;][\/vc_column][vc_column width=\u00bb2\/3&#8243;][vc_column_text]08\/02\/2024 El D\u00eda de C\u00f3rdoba \u2013\u00a0 La cita, que se celebrar\u00e1 los d\u00edas 21 y 22 de febrero, est\u00e1 organizada por Fundae y la Delegaci\u00f3n de Empleo de la Junta Los agricultores se bajan del tractor y cortan a pie la carretera N-432 en Baena Nueva marcha lenta de tractores entre Los Pedroches&hellip;<\/p>\n","protected":false},"author":1,"featured_media":5088,"comment_status":"closed","ping_status":"closed","sticky":false,"template":"template-microsite.php","format":"standard","meta":{"footnotes":""},"categories":[1],"tags":[],"class_list":["post-4628","post","type-post","status-publish","format-standard","has-post-thumbnail","hentry","category-sin-categoria","category-1","description-off"],"yoast_head":"<!-- This site is optimized with the Yoast SEO plugin v22.5 - https:\/\/yoast.com\/wordpress\/plugins\/seo\/ -->\n<title>El congreso sobre Digitalizaci\u00f3n y Formaci\u00f3n en el Sector Agrario reunir\u00e1 en C\u00f3rdoba a 2.000 personas - Universidad PYME C\u00f3rdoba<\/title>\n<meta name=\"robots\" content=\"index, follow, max-snippet:-1, max-image-preview:large, max-video-preview:-1\" \/>\n<link rel=\"canonical\" href=\"https:\/\/universidadpyme.fundae.es\/cordoba\/2024\/02\/08\/el-congreso-sobre-digitalizacion-y-formacion-en-el-sector-agrario-reunira-en-cordoba-a-2-000-personas\/\" \/>\n<meta property=\"og:locale\" content=\"es_ES\" \/>\n<meta property=\"og:type\" content=\"article\" \/>\n<meta property=\"og:title\" content=\"El congreso sobre Digitalizaci\u00f3n y Formaci\u00f3n en el Sector Agrario reunir\u00e1 en C\u00f3rdoba a 2.000 personas - Universidad PYME C\u00f3rdoba\" \/>\n<meta property=\"og:description\" content=\"[vc_row][vc_column width=\u00bb1\/6&#8243;][\/vc_column][vc_column width=\u00bb2\/3&#8243;][vc_column_text]08\/02\/2024 El D\u00eda de C\u00f3rdoba \u2013\u00a0 La cita, que se celebrar\u00e1 los d\u00edas 21 y 22 de febrero, est\u00e1 organizada por Fundae y la Delegaci\u00f3n de Empleo de la Junta Los agricultores se bajan del tractor y cortan a pie la carretera N-432 en Baena Nueva marcha lenta de tractores entre Los Pedroches&hellip;\" \/>\n<meta property=\"og:url\" content=\"https:\/\/universidadpyme.fundae.es\/cordoba\/2024\/02\/08\/el-congreso-sobre-digitalizacion-y-formacion-en-el-sector-agrario-reunira-en-cordoba-a-2-000-personas\/\" \/>\n<meta property=\"og:site_name\" content=\"Universidad PYME C\u00f3rdoba\" \/>\n<meta property=\"article:published_time\" content=\"2024-02-08T18:28:15+00:00\" \/>\n<meta property=\"article:modified_time\" content=\"2024-02-28T12:19:57+00:00\" \/>\n<meta property=\"og:image\" content=\"https:\/\/universidadpyme.fundae.es\/cordoba\/wp-content\/uploads\/2023\/10\/el-dia-de-cordoba-foto-web.jpg\" \/>\n\t<meta property=\"og:image:width\" content=\"667\" \/>\n\t<meta property=\"og:image:height\" content=\"375\" \/>\n\t<meta property=\"og:image:type\" content=\"image\/jpeg\" \/>\n<meta name=\"author\" content=\"masanpar\" \/>\n<meta name=\"twitter:card\" content=\"summary_large_image\" \/>\n<meta name=\"twitter:label1\" content=\"Escrito por\" \/>\n\t<meta name=\"twitter:data1\" content=\"masanpar\" \/>\n\t<meta name=\"twitter:label2\" content=\"Tiempo de lectura\" \/>\n\t<meta name=\"twitter:data2\" content=\"3 minutos\" \/>\n<script type=\"application\/ld+json\" class=\"yoast-schema-graph\">{\"@context\":\"https:\/\/schema.org\",\"@graph\":[{\"@type\":\"WebPage\",\"@id\":\"https:\/\/universidadpyme.fundae.es\/cordoba\/2024\/02\/08\/el-congreso-sobre-digitalizacion-y-formacion-en-el-sector-agrario-reunira-en-cordoba-a-2-000-personas\/\",\"url\":\"https:\/\/universidadpyme.fundae.es\/cordoba\/2024\/02\/08\/el-congreso-sobre-digitalizacion-y-formacion-en-el-sector-agrario-reunira-en-cordoba-a-2-000-personas\/\",\"name\":\"El congreso sobre Digitalizaci\u00f3n y Formaci\u00f3n en el Sector Agrario reunir\u00e1 en C\u00f3rdoba a 2.000 personas - Universidad PYME C\u00f3rdoba\",\"isPartOf\":{\"@id\":\"https:\/\/universidadpyme.fundae.es\/cordoba\/#website\"},\"primaryImageOfPage\":{\"@id\":\"https:\/\/universidadpyme.fundae.es\/cordoba\/2024\/02\/08\/el-congreso-sobre-digitalizacion-y-formacion-en-el-sector-agrario-reunira-en-cordoba-a-2-000-personas\/#primaryimage\"},\"image\":{\"@id\":\"https:\/\/universidadpyme.fundae.es\/cordoba\/2024\/02\/08\/el-congreso-sobre-digitalizacion-y-formacion-en-el-sector-agrario-reunira-en-cordoba-a-2-000-personas\/#primaryimage\"},\"thumbnailUrl\":\"https:\/\/universidadpyme.fundae.es\/cordoba\/wp-content\/uploads\/2023\/10\/el-dia-de-cordoba-foto-web.jpg\",\"datePublished\":\"2024-02-08T18:28:15+00:00\",\"dateModified\":\"2024-02-28T12:19:57+00:00\",\"author\":{\"@id\":\"https:\/\/universidadpyme.fundae.es\/cordoba\/#\/schema\/person\/9e7a0d89eff211453d34e8fdc1be91c5\"},\"breadcrumb\":{\"@id\":\"https:\/\/universidadpyme.fundae.es\/cordoba\/2024\/02\/08\/el-congreso-sobre-digitalizacion-y-formacion-en-el-sector-agrario-reunira-en-cordoba-a-2-000-personas\/#breadcrumb\"},\"inLanguage\":\"es\",\"potentialAction\":[{\"@type\":\"ReadAction\",\"target\":[\"https:\/\/universidadpyme.fundae.es\/cordoba\/2024\/02\/08\/el-congreso-sobre-digitalizacion-y-formacion-en-el-sector-agrario-reunira-en-cordoba-a-2-000-personas\/\"]}]},{\"@type\":\"ImageObject\",\"inLanguage\":\"es\",\"@id\":\"https:\/\/universidadpyme.fundae.es\/cordoba\/2024\/02\/08\/el-congreso-sobre-digitalizacion-y-formacion-en-el-sector-agrario-reunira-en-cordoba-a-2-000-personas\/#primaryimage\",\"url\":\"https:\/\/universidadpyme.fundae.es\/cordoba\/wp-content\/uploads\/2023\/10\/el-dia-de-cordoba-foto-web.jpg\",\"contentUrl\":\"https:\/\/universidadpyme.fundae.es\/cordoba\/wp-content\/uploads\/2023\/10\/el-dia-de-cordoba-foto-web.jpg\",\"width\":667,\"height\":375},{\"@type\":\"BreadcrumbList\",\"@id\":\"https:\/\/universidadpyme.fundae.es\/cordoba\/2024\/02\/08\/el-congreso-sobre-digitalizacion-y-formacion-en-el-sector-agrario-reunira-en-cordoba-a-2-000-personas\/#breadcrumb\",\"itemListElement\":[{\"@type\":\"ListItem\",\"position\":1,\"name\":\"Portada\",\"item\":\"https:\/\/universidadpyme.fundae.es\/cordoba\/\"},{\"@type\":\"ListItem\",\"position\":2,\"name\":\"El congreso sobre Digitalizaci\u00f3n y Formaci\u00f3n en el Sector Agrario reunir\u00e1 en C\u00f3rdoba a 2.000 personas\"}]},{\"@type\":\"WebSite\",\"@id\":\"https:\/\/universidadpyme.fundae.es\/cordoba\/#website\",\"url\":\"https:\/\/universidadpyme.fundae.es\/cordoba\/\",\"name\":\"Universidad PYME C\u00f3rdoba\",\"description\":\"Otro sitio realizado con WordPress\",\"potentialAction\":[{\"@type\":\"SearchAction\",\"target\":{\"@type\":\"EntryPoint\",\"urlTemplate\":\"https:\/\/universidadpyme.fundae.es\/cordoba\/?s={search_term_string}\"},\"query-input\":\"required name=search_term_string\"}],\"inLanguage\":\"es\"},{\"@type\":\"Person\",\"@id\":\"https:\/\/universidadpyme.fundae.es\/cordoba\/#\/schema\/person\/9e7a0d89eff211453d34e8fdc1be91c5\",\"name\":\"masanpar\",\"image\":{\"@type\":\"ImageObject\",\"inLanguage\":\"es\",\"@id\":\"https:\/\/universidadpyme.fundae.es\/cordoba\/#\/schema\/person\/image\/\",\"url\":\"https:\/\/secure.gravatar.com\/avatar\/828550a18f5db20181edd0945478aaa1ffc54383857d02ec9b53420b716e095f?s=96&d=mm&r=g\",\"contentUrl\":\"https:\/\/secure.gravatar.com\/avatar\/828550a18f5db20181edd0945478aaa1ffc54383857d02ec9b53420b716e095f?s=96&d=mm&r=g\",\"caption\":\"masanpar\"},\"sameAs\":[\"http:\/\/universidadpyme.fundae.es\/aragon\"],\"url\":\"https:\/\/universidadpyme.fundae.es\/cordoba\/author\/masanpar\/\"}]}<\/script>\n<!-- \/ Yoast SEO plugin. -->","yoast_head_json":{"title":"El congreso sobre Digitalizaci\u00f3n y Formaci\u00f3n en el Sector Agrario reunir\u00e1 en C\u00f3rdoba a 2.000 personas - Universidad PYME C\u00f3rdoba","robots":{"index":"index","follow":"follow","max-snippet":"max-snippet:-1","max-image-preview":"max-image-preview:large","max-video-preview":"max-video-preview:-1"},"canonical":"https:\/\/universidadpyme.fundae.es\/cordoba\/2024\/02\/08\/el-congreso-sobre-digitalizacion-y-formacion-en-el-sector-agrario-reunira-en-cordoba-a-2-000-personas\/","og_locale":"es_ES","og_type":"article","og_title":"El congreso sobre Digitalizaci\u00f3n y Formaci\u00f3n en el Sector Agrario reunir\u00e1 en C\u00f3rdoba a 2.000 personas - Universidad PYME C\u00f3rdoba","og_description":"[vc_row][vc_column width=\u00bb1\/6&#8243;][\/vc_column][vc_column width=\u00bb2\/3&#8243;][vc_column_text]08\/02\/2024 El D\u00eda de C\u00f3rdoba \u2013\u00a0 La cita, que se celebrar\u00e1 los d\u00edas 21 y 22 de febrero, est\u00e1 organizada por Fundae y la Delegaci\u00f3n de Empleo de la Junta Los agricultores se bajan del tractor y cortan a pie la carretera N-432 en Baena Nueva marcha lenta de tractores entre Los Pedroches&hellip;","og_url":"https:\/\/universidadpyme.fundae.es\/cordoba\/2024\/02\/08\/el-congreso-sobre-digitalizacion-y-formacion-en-el-sector-agrario-reunira-en-cordoba-a-2-000-personas\/","og_site_name":"Universidad PYME C\u00f3rdoba","article_published_time":"2024-02-08T18:28:15+00:00","article_modified_time":"2024-02-28T12:19:57+00:00","og_image":[{"width":667,"height":375,"url":"https:\/\/universidadpyme.fundae.es\/cordoba\/wp-content\/uploads\/2023\/10\/el-dia-de-cordoba-foto-web.jpg","type":"image\/jpeg"}],"author":"masanpar","twitter_card":"summary_large_image","twitter_misc":{"Escrito por":"masanpar","Tiempo de lectura":"3 minutos"},"schema":{"@context":"https:\/\/schema.org","@graph":[{"@type":"WebPage","@id":"https:\/\/universidadpyme.fundae.es\/cordoba\/2024\/02\/08\/el-congreso-sobre-digitalizacion-y-formacion-en-el-sector-agrario-reunira-en-cordoba-a-2-000-personas\/","url":"https:\/\/universidadpyme.fundae.es\/cordoba\/2024\/02\/08\/el-congreso-sobre-digitalizacion-y-formacion-en-el-sector-agrario-reunira-en-cordoba-a-2-000-personas\/","name":"El congreso sobre Digitalizaci\u00f3n y Formaci\u00f3n en el Sector Agrario reunir\u00e1 en C\u00f3rdoba a 2.000 personas - Universidad PYME C\u00f3rdoba","isPartOf":{"@id":"https:\/\/universidadpyme.fundae.es\/cordoba\/#website"},"primaryImageOfPage":{"@id":"https:\/\/universidadpyme.fundae.es\/cordoba\/2024\/02\/08\/el-congreso-sobre-digitalizacion-y-formacion-en-el-sector-agrario-reunira-en-cordoba-a-2-000-personas\/#primaryimage"},"image":{"@id":"https:\/\/universidadpyme.fundae.es\/cordoba\/2024\/02\/08\/el-congreso-sobre-digitalizacion-y-formacion-en-el-sector-agrario-reunira-en-cordoba-a-2-000-personas\/#primaryimage"},"thumbnailUrl":"https:\/\/universidadpyme.fundae.es\/cordoba\/wp-content\/uploads\/2023\/10\/el-dia-de-cordoba-foto-web.jpg","datePublished":"2024-02-08T18:28:15+00:00","dateModified":"2024-02-28T12:19:57+00:00","author":{"@id":"https:\/\/universidadpyme.fundae.es\/cordoba\/#\/schema\/person\/9e7a0d89eff211453d34e8fdc1be91c5"},"breadcrumb":{"@id":"https:\/\/universidadpyme.fundae.es\/cordoba\/2024\/02\/08\/el-congreso-sobre-digitalizacion-y-formacion-en-el-sector-agrario-reunira-en-cordoba-a-2-000-personas\/#breadcrumb"},"inLanguage":"es","potentialAction":[{"@type":"ReadAction","target":["https:\/\/universidadpyme.fundae.es\/cordoba\/2024\/02\/08\/el-congreso-sobre-digitalizacion-y-formacion-en-el-sector-agrario-reunira-en-cordoba-a-2-000-personas\/"]}]},{"@type":"ImageObject","inLanguage":"es","@id":"https:\/\/universidadpyme.fundae.es\/cordoba\/2024\/02\/08\/el-congreso-sobre-digitalizacion-y-formacion-en-el-sector-agrario-reunira-en-cordoba-a-2-000-personas\/#primaryimage","url":"https:\/\/universidadpyme.fundae.es\/cordoba\/wp-content\/uploads\/2023\/10\/el-dia-de-cordoba-foto-web.jpg","contentUrl":"https:\/\/universidadpyme.fundae.es\/cordoba\/wp-content\/uploads\/2023\/10\/el-dia-de-cordoba-foto-web.jpg","width":667,"height":375},{"@type":"BreadcrumbList","@id":"https:\/\/universidadpyme.fundae.es\/cordoba\/2024\/02\/08\/el-congreso-sobre-digitalizacion-y-formacion-en-el-sector-agrario-reunira-en-cordoba-a-2-000-personas\/#breadcrumb","itemListElement":[{"@type":"ListItem","position":1,"name":"Portada","item":"https:\/\/universidadpyme.fundae.es\/cordoba\/"},{"@type":"ListItem","position":2,"name":"El congreso sobre Digitalizaci\u00f3n y Formaci\u00f3n en el Sector Agrario reunir\u00e1 en C\u00f3rdoba a 2.000 personas"}]},{"@type":"WebSite","@id":"https:\/\/universidadpyme.fundae.es\/cordoba\/#website","url":"https:\/\/universidadpyme.fundae.es\/cordoba\/","name":"Universidad PYME C\u00f3rdoba","description":"Otro sitio realizado con WordPress","potentialAction":[{"@type":"SearchAction","target":{"@type":"EntryPoint","urlTemplate":"https:\/\/universidadpyme.fundae.es\/cordoba\/?s={search_term_string}"},"query-input":"required name=search_term_string"}],"inLanguage":"es"},{"@type":"Person","@id":"https:\/\/universidadpyme.fundae.es\/cordoba\/#\/schema\/person\/9e7a0d89eff211453d34e8fdc1be91c5","name":"masanpar","image":{"@type":"ImageObject","inLanguage":"es","@id":"https:\/\/universidadpyme.fundae.es\/cordoba\/#\/schema\/person\/image\/","url":"https:\/\/secure.gravatar.com\/avatar\/828550a18f5db20181edd0945478aaa1ffc54383857d02ec9b53420b716e095f?s=96&d=mm&r=g","contentUrl":"https:\/\/secure.gravatar.com\/avatar\/828550a18f5db20181edd0945478aaa1ffc54383857d02ec9b53420b716e095f?s=96&d=mm&r=g","caption":"masanpar"},"sameAs":["http:\/\/universidadpyme.fundae.es\/aragon"],"url":"https:\/\/universidadpyme.fundae.es\/cordoba\/author\/masanpar\/"}]}},"_links":{"self":[{"href":"https:\/\/universidadpyme.fundae.es\/cordoba\/wp-json\/wp\/v2\/posts\/4628","targetHints":{"allow":["GET"]}}],"collection":[{"href":"https:\/\/universidadpyme.fundae.es\/cordoba\/wp-json\/wp\/v2\/posts"}],"about":[{"href":"https:\/\/universidadpyme.fundae.es\/cordoba\/wp-json\/wp\/v2\/types\/post"}],"author":[{"embeddable":true,"href":"https:\/\/universidadpyme.fundae.es\/cordoba\/wp-json\/wp\/v2\/users\/1"}],"replies":[{"embeddable":true,"href":"https:\/\/universidadpyme.fundae.es\/cordoba\/wp-json\/wp\/v2\/comments?post=4628"}],"version-history":[{"count":3,"href":"https:\/\/universidadpyme.fundae.es\/cordoba\/wp-json\/wp\/v2\/posts\/4628\/revisions"}],"predecessor-version":[{"id":5100,"href":"https:\/\/universidadpyme.fundae.es\/cordoba\/wp-json\/wp\/v2\/posts\/4628\/revisions\/5100"}],"wp:featuredmedia":[{"embeddable":true,"href":"https:\/\/universidadpyme.fundae.es\/cordoba\/wp-json\/wp\/v2\/media\/5088"}],"wp:attachment":[{"href":"https:\/\/universidadpyme.fundae.es\/cordoba\/wp-json\/wp\/v2\/media?parent=4628"}],"wp:term":[{"taxonomy":"category","embeddable":true,"href":"https:\/\/universidadpyme.fundae.es\/cordoba\/wp-json\/wp\/v2\/categories?post=4628"},{"taxonomy":"post_tag","embeddable":true,"href":"https:\/\/universidadpyme.fundae.es\/cordoba\/wp-json\/wp\/v2\/tags?post=4628"}],"curies":[{"name":"wp","href":"https:\/\/api.w.org\/{rel}","templated":true}]}}