{"id":4718,"date":"2024-02-07T08:38:55","date_gmt":"2024-02-07T08:38:55","guid":{"rendered":"https:\/\/universidadpyme.fundae.es\/madrid\/?p=4718"},"modified":"2024-02-28T11:30:16","modified_gmt":"2024-02-28T11:30:16","slug":"la-diputacion-de-cordoba-destinara-10-95-millones","status":"publish","type":"post","link":"https:\/\/universidadpyme.fundae.es\/cordoba\/2024\/02\/07\/la-diputacion-de-cordoba-destinara-10-95-millones\/","title":{"rendered":"La Diputaci\u00f3n de C\u00f3rdoba destinar\u00e1 10,95 millones a pol\u00edticas de empleo y formaci\u00f3n"},"content":{"rendered":"<section class=\"wpb-content-wrapper\"><p>[vc_row][vc_column width=\u00bb1\/6&#8243;][\/vc_column][vc_column width=\u00bb2\/3&#8243;][vc_column_text]06\/02\/2024 ABC (Ed. C\u00f3rdoba)<\/p>\n<p>El delegado de <strong>Desarrollo Econ\u00f3mico<\/strong> asegura que \u00abson unas cuentas dirigidas al impulso de la provincia\u00bb<\/p>\n<p><a href=\"https:\/\/www.abc.es\/espana\/andalucia\/cordoba\/diputacion-cordoba-aumentara-2024-presupuesto-politicas-sociales-20240203090248-nts.html\">La Diputaci\u00f3n de C\u00f3rdoba subir\u00e1 hasta 57 millones las obras en planes municipales hasta 2027<\/a><\/p>\n<p data-mrf-recirculation=\"Links p\u00e1rrafos Noticia\"><strong>La Delegaci\u00f3n de Desarrollo Econ\u00f3mico, Promoci\u00f3n y Empleo<\/strong>\u00a0de la\u00a0<strong>Diputaci\u00f3n de C\u00f3rdoba<\/strong>\u00a0contar\u00e1 para\u00a0<strong>2024<\/strong>\u00a0con un presupuesto de 10,95 millones de euros, \u00abuna cantidad destinada principalmente al impulso de nuestra provincia, a trav\u00e9s del empleo, la competitividad y el apoyo a los sectores productivos\u00bb.<\/p>\n<p data-mrf-recirculation=\"Links p\u00e1rrafos Noticia\">De este modo se ha explicado el vicepresidente tercero y delegado del\u00a0<strong>\u00c1rea<\/strong>, F\u00e9lix Romero, quien ha a\u00f1adido que \u00abel anteproyecto de presupuestos de la instituci\u00f3n provincial muestra su apoyo as\u00ed a una de las principales aportaciones de esta\u00a0<a title=\"Diputaci\u00f3n\" href=\"https:\/\/www.abc.es\/espana\/andalucia\/cordoba\/diputacion-cordoba-aumentara-2024-presupuesto-politicas-sociales-20240203090248-nts.html\" target=\"_self\" rel=\"noopener\" data-voc-vtm-id=\"in-text-traffic\" data-mrf-link=\"https:\/\/www.abc.es\/espana\/andalucia\/cordoba\/diputacion-cordoba-aumentara-2024-presupuesto-politicas-sociales-20240203090248-nts.html\">Diputaci\u00f3n<\/a>, como es el desarrollo econ\u00f3mico y la generaci\u00f3n de nuevas oportunidades\u00bb.<\/p>\n<h2>Las novedades<\/h2>\n<p class=\"voc-p\">Romero ha afirmado que \u00abuna de las novedades que presenta esta Delegaci\u00f3n es la puesta en marcha del programa\u00a0<strong>Diputaci\u00f3n<\/strong><strong>Contrata<\/strong>, iniciativa que contar\u00e1 con 1,5 millones de euros e ir\u00e1 destinada a los ayuntamientos con el objetivo de que desde la instituci\u00f3n m\u00e1s cercana se generen oportunidades de futuro\u00bb.<\/p>\n<p class=\"voc-p\">\u00abEsta gran apuesta contar\u00e1 con distintas l\u00edneas dirigidas a j\u00f3venes, mayores, mujeres y personas con discapacidad y se sumar\u00e1 a nuestro &#8216;M\u00e1s empleo y oportunidad&#8217;, que en 2024 contar\u00e1 con 400.000 euros de presupuesto, un 11,11% m\u00e1s que en el pasado ejercicio y que volver\u00e1 a trabajar en el impulso de la estabilidad laboral en el \u00e1mbito de la empresa privada\u00bb, ha apostillado\u00a0<strong>Romero<\/strong>.<\/p>\n<p>El tambi\u00e9n presidente del\u00a0<strong>Instituto Provincial de Desarrollo Econ\u00f3mico<\/strong>\u00a0ha hecho referencia tambi\u00e9n a la partida destina a Empresas, Formaci\u00f3n y Empleo que \u00abtendr\u00e1 un incremento del 76,65% hasta alcanzar los 250.000 euros. Esta acci\u00f3n pretende acompasar a las personas demandantes de empleo con las necesidades de los empresarios de la provincia\u00bb.[\/vc_column_text][vc_empty_space height=\u00bb50&#8243;][\/vc_column][vc_column width=\u00bb1\/6&#8243;][\/vc_column][\/vc_row]<\/p>\n<\/section>","protected":false},"excerpt":{"rendered":"<p>[vc_row][vc_column width=\u00bb1\/6&#8243;][\/vc_column][vc_column width=\u00bb2\/3&#8243;][vc_column_text]06\/02\/2024 ABC (Ed. C\u00f3rdoba) El delegado de Desarrollo Econ\u00f3mico asegura que \u00abson unas cuentas dirigidas al impulso de la provincia\u00bb La Diputaci\u00f3n de C\u00f3rdoba subir\u00e1 hasta 57 millones las obras en planes municipales hasta 2027 La Delegaci\u00f3n de Desarrollo Econ\u00f3mico, Promoci\u00f3n y Empleo\u00a0de la\u00a0Diputaci\u00f3n de C\u00f3rdoba\u00a0contar\u00e1 para\u00a02024\u00a0con un presupuesto de 10,95 millones de&hellip;<\/p>\n","protected":false},"author":1,"featured_media":5084,"comment_status":"closed","ping_status":"closed","sticky":false,"template":"template-microsite.php","format":"standard","meta":{"footnotes":""},"categories":[1],"tags":[],"class_list":["post-4718","post","type-post","status-publish","format-standard","has-post-thumbnail","hentry","category-sin-categoria","category-1","description-off"],"yoast_head":"<!-- This site is optimized with the Yoast SEO plugin v22.5 - https:\/\/yoast.com\/wordpress\/plugins\/seo\/ -->\n<title>La Diputaci\u00f3n de C\u00f3rdoba destinar\u00e1 10,95 millones a pol\u00edticas de empleo y formaci\u00f3n - Universidad PYME C\u00f3rdoba<\/title>\n<meta name=\"robots\" content=\"index, follow, max-snippet:-1, max-image-preview:large, max-video-preview:-1\" \/>\n<link rel=\"canonical\" href=\"https:\/\/universidadpyme.fundae.es\/cordoba\/2024\/02\/07\/la-diputacion-de-cordoba-destinara-10-95-millones\/\" \/>\n<meta property=\"og:locale\" content=\"es_ES\" \/>\n<meta property=\"og:type\" content=\"article\" \/>\n<meta property=\"og:title\" content=\"La Diputaci\u00f3n de C\u00f3rdoba destinar\u00e1 10,95 millones a pol\u00edticas de empleo y formaci\u00f3n - Universidad PYME C\u00f3rdoba\" \/>\n<meta property=\"og:description\" content=\"[vc_row][vc_column width=\u00bb1\/6&#8243;][\/vc_column][vc_column width=\u00bb2\/3&#8243;][vc_column_text]06\/02\/2024 ABC (Ed. C\u00f3rdoba) El delegado de Desarrollo Econ\u00f3mico asegura que \u00abson unas cuentas dirigidas al impulso de la provincia\u00bb La Diputaci\u00f3n de C\u00f3rdoba subir\u00e1 hasta 57 millones las obras en planes municipales hasta 2027 La Delegaci\u00f3n de Desarrollo Econ\u00f3mico, Promoci\u00f3n y Empleo\u00a0de la\u00a0Diputaci\u00f3n de C\u00f3rdoba\u00a0contar\u00e1 para\u00a02024\u00a0con un presupuesto de 10,95 millones de&hellip;\" \/>\n<meta property=\"og:url\" content=\"https:\/\/universidadpyme.fundae.es\/cordoba\/2024\/02\/07\/la-diputacion-de-cordoba-destinara-10-95-millones\/\" \/>\n<meta property=\"og:site_name\" content=\"Universidad PYME C\u00f3rdoba\" \/>\n<meta property=\"article:published_time\" content=\"2024-02-07T08:38:55+00:00\" \/>\n<meta property=\"article:modified_time\" content=\"2024-02-28T11:30:16+00:00\" \/>\n<meta property=\"og:image\" content=\"https:\/\/universidadpyme.fundae.es\/cordoba\/wp-content\/uploads\/2023\/10\/ABC-foto-web.png\" \/>\n\t<meta property=\"og:image:width\" content=\"1200\" \/>\n\t<meta property=\"og:image:height\" content=\"840\" \/>\n\t<meta property=\"og:image:type\" content=\"image\/png\" \/>\n<meta name=\"author\" content=\"masanpar\" \/>\n<meta name=\"twitter:card\" content=\"summary_large_image\" \/>\n<meta name=\"twitter:label1\" content=\"Escrito por\" \/>\n\t<meta name=\"twitter:data1\" content=\"masanpar\" \/>\n\t<meta name=\"twitter:label2\" content=\"Tiempo de lectura\" \/>\n\t<meta name=\"twitter:data2\" content=\"2 minutos\" \/>\n<script type=\"application\/ld+json\" class=\"yoast-schema-graph\">{\"@context\":\"https:\/\/schema.org\",\"@graph\":[{\"@type\":\"WebPage\",\"@id\":\"https:\/\/universidadpyme.fundae.es\/cordoba\/2024\/02\/07\/la-diputacion-de-cordoba-destinara-10-95-millones\/\",\"url\":\"https:\/\/universidadpyme.fundae.es\/cordoba\/2024\/02\/07\/la-diputacion-de-cordoba-destinara-10-95-millones\/\",\"name\":\"La Diputaci\u00f3n de C\u00f3rdoba destinar\u00e1 10,95 millones a pol\u00edticas de empleo y formaci\u00f3n - Universidad PYME C\u00f3rdoba\",\"isPartOf\":{\"@id\":\"https:\/\/universidadpyme.fundae.es\/cordoba\/#website\"},\"primaryImageOfPage\":{\"@id\":\"https:\/\/universidadpyme.fundae.es\/cordoba\/2024\/02\/07\/la-diputacion-de-cordoba-destinara-10-95-millones\/#primaryimage\"},\"image\":{\"@id\":\"https:\/\/universidadpyme.fundae.es\/cordoba\/2024\/02\/07\/la-diputacion-de-cordoba-destinara-10-95-millones\/#primaryimage\"},\"thumbnailUrl\":\"https:\/\/universidadpyme.fundae.es\/cordoba\/wp-content\/uploads\/2023\/10\/ABC-foto-web.png\",\"datePublished\":\"2024-02-07T08:38:55+00:00\",\"dateModified\":\"2024-02-28T11:30:16+00:00\",\"author\":{\"@id\":\"https:\/\/universidadpyme.fundae.es\/cordoba\/#\/schema\/person\/9e7a0d89eff211453d34e8fdc1be91c5\"},\"breadcrumb\":{\"@id\":\"https:\/\/universidadpyme.fundae.es\/cordoba\/2024\/02\/07\/la-diputacion-de-cordoba-destinara-10-95-millones\/#breadcrumb\"},\"inLanguage\":\"es\",\"potentialAction\":[{\"@type\":\"ReadAction\",\"target\":[\"https:\/\/universidadpyme.fundae.es\/cordoba\/2024\/02\/07\/la-diputacion-de-cordoba-destinara-10-95-millones\/\"]}]},{\"@type\":\"ImageObject\",\"inLanguage\":\"es\",\"@id\":\"https:\/\/universidadpyme.fundae.es\/cordoba\/2024\/02\/07\/la-diputacion-de-cordoba-destinara-10-95-millones\/#primaryimage\",\"url\":\"https:\/\/universidadpyme.fundae.es\/cordoba\/wp-content\/uploads\/2023\/10\/ABC-foto-web.png\",\"contentUrl\":\"https:\/\/universidadpyme.fundae.es\/cordoba\/wp-content\/uploads\/2023\/10\/ABC-foto-web.png\",\"width\":1200,\"height\":840},{\"@type\":\"BreadcrumbList\",\"@id\":\"https:\/\/universidadpyme.fundae.es\/cordoba\/2024\/02\/07\/la-diputacion-de-cordoba-destinara-10-95-millones\/#breadcrumb\",\"itemListElement\":[{\"@type\":\"ListItem\",\"position\":1,\"name\":\"Portada\",\"item\":\"https:\/\/universidadpyme.fundae.es\/cordoba\/\"},{\"@type\":\"ListItem\",\"position\":2,\"name\":\"La Diputaci\u00f3n de C\u00f3rdoba destinar\u00e1 10,95 millones a pol\u00edticas de empleo y formaci\u00f3n\"}]},{\"@type\":\"WebSite\",\"@id\":\"https:\/\/universidadpyme.fundae.es\/cordoba\/#website\",\"url\":\"https:\/\/universidadpyme.fundae.es\/cordoba\/\",\"name\":\"Universidad PYME C\u00f3rdoba\",\"description\":\"Otro sitio realizado con WordPress\",\"potentialAction\":[{\"@type\":\"SearchAction\",\"target\":{\"@type\":\"EntryPoint\",\"urlTemplate\":\"https:\/\/universidadpyme.fundae.es\/cordoba\/?s={search_term_string}\"},\"query-input\":\"required name=search_term_string\"}],\"inLanguage\":\"es\"},{\"@type\":\"Person\",\"@id\":\"https:\/\/universidadpyme.fundae.es\/cordoba\/#\/schema\/person\/9e7a0d89eff211453d34e8fdc1be91c5\",\"name\":\"masanpar\",\"image\":{\"@type\":\"ImageObject\",\"inLanguage\":\"es\",\"@id\":\"https:\/\/universidadpyme.fundae.es\/cordoba\/#\/schema\/person\/image\/\",\"url\":\"https:\/\/secure.gravatar.com\/avatar\/828550a18f5db20181edd0945478aaa1ffc54383857d02ec9b53420b716e095f?s=96&d=mm&r=g\",\"contentUrl\":\"https:\/\/secure.gravatar.com\/avatar\/828550a18f5db20181edd0945478aaa1ffc54383857d02ec9b53420b716e095f?s=96&d=mm&r=g\",\"caption\":\"masanpar\"},\"sameAs\":[\"http:\/\/universidadpyme.fundae.es\/aragon\"],\"url\":\"https:\/\/universidadpyme.fundae.es\/cordoba\/author\/masanpar\/\"}]}<\/script>\n<!-- \/ Yoast SEO plugin. -->","yoast_head_json":{"title":"La Diputaci\u00f3n de C\u00f3rdoba destinar\u00e1 10,95 millones a pol\u00edticas de empleo y formaci\u00f3n - Universidad PYME C\u00f3rdoba","robots":{"index":"index","follow":"follow","max-snippet":"max-snippet:-1","max-image-preview":"max-image-preview:large","max-video-preview":"max-video-preview:-1"},"canonical":"https:\/\/universidadpyme.fundae.es\/cordoba\/2024\/02\/07\/la-diputacion-de-cordoba-destinara-10-95-millones\/","og_locale":"es_ES","og_type":"article","og_title":"La Diputaci\u00f3n de C\u00f3rdoba destinar\u00e1 10,95 millones a pol\u00edticas de empleo y formaci\u00f3n - Universidad PYME C\u00f3rdoba","og_description":"[vc_row][vc_column width=\u00bb1\/6&#8243;][\/vc_column][vc_column width=\u00bb2\/3&#8243;][vc_column_text]06\/02\/2024 ABC (Ed. C\u00f3rdoba) El delegado de Desarrollo Econ\u00f3mico asegura que \u00abson unas cuentas dirigidas al impulso de la provincia\u00bb La Diputaci\u00f3n de C\u00f3rdoba subir\u00e1 hasta 57 millones las obras en planes municipales hasta 2027 La Delegaci\u00f3n de Desarrollo Econ\u00f3mico, Promoci\u00f3n y Empleo\u00a0de la\u00a0Diputaci\u00f3n de C\u00f3rdoba\u00a0contar\u00e1 para\u00a02024\u00a0con un presupuesto de 10,95 millones de&hellip;","og_url":"https:\/\/universidadpyme.fundae.es\/cordoba\/2024\/02\/07\/la-diputacion-de-cordoba-destinara-10-95-millones\/","og_site_name":"Universidad PYME C\u00f3rdoba","article_published_time":"2024-02-07T08:38:55+00:00","article_modified_time":"2024-02-28T11:30:16+00:00","og_image":[{"width":1200,"height":840,"url":"https:\/\/universidadpyme.fundae.es\/cordoba\/wp-content\/uploads\/2023\/10\/ABC-foto-web.png","type":"image\/png"}],"author":"masanpar","twitter_card":"summary_large_image","twitter_misc":{"Escrito por":"masanpar","Tiempo de lectura":"2 minutos"},"schema":{"@context":"https:\/\/schema.org","@graph":[{"@type":"WebPage","@id":"https:\/\/universidadpyme.fundae.es\/cordoba\/2024\/02\/07\/la-diputacion-de-cordoba-destinara-10-95-millones\/","url":"https:\/\/universidadpyme.fundae.es\/cordoba\/2024\/02\/07\/la-diputacion-de-cordoba-destinara-10-95-millones\/","name":"La Diputaci\u00f3n de C\u00f3rdoba destinar\u00e1 10,95 millones a pol\u00edticas de empleo y formaci\u00f3n - Universidad PYME C\u00f3rdoba","isPartOf":{"@id":"https:\/\/universidadpyme.fundae.es\/cordoba\/#website"},"primaryImageOfPage":{"@id":"https:\/\/universidadpyme.fundae.es\/cordoba\/2024\/02\/07\/la-diputacion-de-cordoba-destinara-10-95-millones\/#primaryimage"},"image":{"@id":"https:\/\/universidadpyme.fundae.es\/cordoba\/2024\/02\/07\/la-diputacion-de-cordoba-destinara-10-95-millones\/#primaryimage"},"thumbnailUrl":"https:\/\/universidadpyme.fundae.es\/cordoba\/wp-content\/uploads\/2023\/10\/ABC-foto-web.png","datePublished":"2024-02-07T08:38:55+00:00","dateModified":"2024-02-28T11:30:16+00:00","author":{"@id":"https:\/\/universidadpyme.fundae.es\/cordoba\/#\/schema\/person\/9e7a0d89eff211453d34e8fdc1be91c5"},"breadcrumb":{"@id":"https:\/\/universidadpyme.fundae.es\/cordoba\/2024\/02\/07\/la-diputacion-de-cordoba-destinara-10-95-millones\/#breadcrumb"},"inLanguage":"es","potentialAction":[{"@type":"ReadAction","target":["https:\/\/universidadpyme.fundae.es\/cordoba\/2024\/02\/07\/la-diputacion-de-cordoba-destinara-10-95-millones\/"]}]},{"@type":"ImageObject","inLanguage":"es","@id":"https:\/\/universidadpyme.fundae.es\/cordoba\/2024\/02\/07\/la-diputacion-de-cordoba-destinara-10-95-millones\/#primaryimage","url":"https:\/\/universidadpyme.fundae.es\/cordoba\/wp-content\/uploads\/2023\/10\/ABC-foto-web.png","contentUrl":"https:\/\/universidadpyme.fundae.es\/cordoba\/wp-content\/uploads\/2023\/10\/ABC-foto-web.png","width":1200,"height":840},{"@type":"BreadcrumbList","@id":"https:\/\/universidadpyme.fundae.es\/cordoba\/2024\/02\/07\/la-diputacion-de-cordoba-destinara-10-95-millones\/#breadcrumb","itemListElement":[{"@type":"ListItem","position":1,"name":"Portada","item":"https:\/\/universidadpyme.fundae.es\/cordoba\/"},{"@type":"ListItem","position":2,"name":"La Diputaci\u00f3n de C\u00f3rdoba destinar\u00e1 10,95 millones a pol\u00edticas de empleo y formaci\u00f3n"}]},{"@type":"WebSite","@id":"https:\/\/universidadpyme.fundae.es\/cordoba\/#website","url":"https:\/\/universidadpyme.fundae.es\/cordoba\/","name":"Universidad PYME C\u00f3rdoba","description":"Otro sitio realizado con WordPress","potentialAction":[{"@type":"SearchAction","target":{"@type":"EntryPoint","urlTemplate":"https:\/\/universidadpyme.fundae.es\/cordoba\/?s={search_term_string}"},"query-input":"required name=search_term_string"}],"inLanguage":"es"},{"@type":"Person","@id":"https:\/\/universidadpyme.fundae.es\/cordoba\/#\/schema\/person\/9e7a0d89eff211453d34e8fdc1be91c5","name":"masanpar","image":{"@type":"ImageObject","inLanguage":"es","@id":"https:\/\/universidadpyme.fundae.es\/cordoba\/#\/schema\/person\/image\/","url":"https:\/\/secure.gravatar.com\/avatar\/828550a18f5db20181edd0945478aaa1ffc54383857d02ec9b53420b716e095f?s=96&d=mm&r=g","contentUrl":"https:\/\/secure.gravatar.com\/avatar\/828550a18f5db20181edd0945478aaa1ffc54383857d02ec9b53420b716e095f?s=96&d=mm&r=g","caption":"masanpar"},"sameAs":["http:\/\/universidadpyme.fundae.es\/aragon"],"url":"https:\/\/universidadpyme.fundae.es\/cordoba\/author\/masanpar\/"}]}},"_links":{"self":[{"href":"https:\/\/universidadpyme.fundae.es\/cordoba\/wp-json\/wp\/v2\/posts\/4718","targetHints":{"allow":["GET"]}}],"collection":[{"href":"https:\/\/universidadpyme.fundae.es\/cordoba\/wp-json\/wp\/v2\/posts"}],"about":[{"href":"https:\/\/universidadpyme.fundae.es\/cordoba\/wp-json\/wp\/v2\/types\/post"}],"author":[{"embeddable":true,"href":"https:\/\/universidadpyme.fundae.es\/cordoba\/wp-json\/wp\/v2\/users\/1"}],"replies":[{"embeddable":true,"href":"https:\/\/universidadpyme.fundae.es\/cordoba\/wp-json\/wp\/v2\/comments?post=4718"}],"version-history":[{"count":6,"href":"https:\/\/universidadpyme.fundae.es\/cordoba\/wp-json\/wp\/v2\/posts\/4718\/revisions"}],"predecessor-version":[{"id":5086,"href":"https:\/\/universidadpyme.fundae.es\/cordoba\/wp-json\/wp\/v2\/posts\/4718\/revisions\/5086"}],"wp:featuredmedia":[{"embeddable":true,"href":"https:\/\/universidadpyme.fundae.es\/cordoba\/wp-json\/wp\/v2\/media\/5084"}],"wp:attachment":[{"href":"https:\/\/universidadpyme.fundae.es\/cordoba\/wp-json\/wp\/v2\/media?parent=4718"}],"wp:term":[{"taxonomy":"category","embeddable":true,"href":"https:\/\/universidadpyme.fundae.es\/cordoba\/wp-json\/wp\/v2\/categories?post=4718"},{"taxonomy":"post_tag","embeddable":true,"href":"https:\/\/universidadpyme.fundae.es\/cordoba\/wp-json\/wp\/v2\/tags?post=4718"}],"curies":[{"name":"wp","href":"https:\/\/api.w.org\/{rel}","templated":true}]}}