{"id":5119,"date":"2024-02-21T14:43:15","date_gmt":"2024-02-21T14:43:15","guid":{"rendered":"https:\/\/universidadpyme.fundae.es\/cordoba\/?p=5119"},"modified":"2024-02-28T12:50:59","modified_gmt":"2024-02-28T12:50:59","slug":"mas-de-uno-cordoba-21-02-24","status":"publish","type":"post","link":"https:\/\/universidadpyme.fundae.es\/cordoba\/2024\/02\/21\/mas-de-uno-cordoba-21-02-24\/","title":{"rendered":"M\u00e1s de uno C\u00f3rdoba 21\/02\/24"},"content":{"rendered":"<section class=\"wpb-content-wrapper\"><p>[vc_row][vc_column width=\u00bb1\/6&#8243;][\/vc_column][vc_column width=\u00bb2\/3&#8243;][vc_column_text]21\/02\/2024 M\u00e1s de uno C\u00f3rdoba.\u00a0 Onda Cero &#8211;<\/p>\n<p><iframe src=\"https:\/\/www.ondacero.es\/embed\/mas-uno-cordoba-210224\/audio\/2\/2024\/02\/21\/65d5fd2c73e4b0e4d030abc6\" width=\"560\" height=\"315\" frameborder=\"0\" scrolling=\"no\" allowfullscreen=\"allowfullscreen\"><\/iframe><\/p>\n<p>Especial desde el Palacio de Congresos de C\u00f3rdoba con motivo del evento Universidad Pyme de Fundae dentro del encuentro Sembrando futuro. Adem\u00e1s, libros, m\u00fasica, toros, solidaridad y turismo. Incluso, unas pinceladas de deporte[\/vc_column_text][vc_empty_space height=\u00bb50&#8243;][\/vc_column][vc_column width=\u00bb1\/6&#8243;][\/vc_column][\/vc_row]<\/p>\n<\/section>","protected":false},"excerpt":{"rendered":"<p>[vc_row][vc_column width=\u00bb1\/6&#8243;][\/vc_column][vc_column width=\u00bb2\/3&#8243;][vc_column_text]21\/02\/2024 M\u00e1s de uno C\u00f3rdoba.\u00a0 Onda Cero &#8211; Especial desde el Palacio de Congresos de C\u00f3rdoba con motivo del evento Universidad Pyme de Fundae dentro del encuentro Sembrando futuro. Adem\u00e1s, libros, m\u00fasica, toros, solidaridad y turismo. Incluso, unas pinceladas de deporte[\/vc_column_text][vc_empty_space height=\u00bb50&#8243;][\/vc_column][vc_column width=\u00bb1\/6&#8243;][\/vc_column][\/vc_row]<\/p>\n","protected":false},"author":1,"featured_media":5121,"comment_status":"closed","ping_status":"closed","sticky":false,"template":"template-microsite.php","format":"standard","meta":{"footnotes":""},"categories":[1],"tags":[],"class_list":["post-5119","post","type-post","status-publish","format-standard","has-post-thumbnail","hentry","category-sin-categoria","category-1","description-off"],"yoast_head":"<!-- This site is optimized with the Yoast SEO plugin v22.5 - https:\/\/yoast.com\/wordpress\/plugins\/seo\/ -->\n<title>M\u00e1s de uno C\u00f3rdoba 21\/02\/24 - Universidad PYME C\u00f3rdoba<\/title>\n<meta name=\"robots\" content=\"index, follow, max-snippet:-1, max-image-preview:large, max-video-preview:-1\" \/>\n<link rel=\"canonical\" href=\"https:\/\/universidadpyme.fundae.es\/cordoba\/2024\/02\/21\/mas-de-uno-cordoba-21-02-24\/\" \/>\n<meta property=\"og:locale\" content=\"es_ES\" \/>\n<meta property=\"og:type\" content=\"article\" \/>\n<meta property=\"og:title\" content=\"M\u00e1s de uno C\u00f3rdoba 21\/02\/24 - Universidad PYME C\u00f3rdoba\" \/>\n<meta property=\"og:description\" content=\"[vc_row][vc_column width=\u00bb1\/6&#8243;][\/vc_column][vc_column width=\u00bb2\/3&#8243;][vc_column_text]21\/02\/2024 M\u00e1s de uno C\u00f3rdoba.\u00a0 Onda Cero &#8211; Especial desde el Palacio de Congresos de C\u00f3rdoba con motivo del evento Universidad Pyme de Fundae dentro del encuentro Sembrando futuro. Adem\u00e1s, libros, m\u00fasica, toros, solidaridad y turismo. Incluso, unas pinceladas de deporte[\/vc_column_text][vc_empty_space height=\u00bb50&#8243;][\/vc_column][vc_column width=\u00bb1\/6&#8243;][\/vc_column][\/vc_row]\" \/>\n<meta property=\"og:url\" content=\"https:\/\/universidadpyme.fundae.es\/cordoba\/2024\/02\/21\/mas-de-uno-cordoba-21-02-24\/\" \/>\n<meta property=\"og:site_name\" content=\"Universidad PYME C\u00f3rdoba\" \/>\n<meta property=\"article:published_time\" content=\"2024-02-21T14:43:15+00:00\" \/>\n<meta property=\"article:modified_time\" content=\"2024-02-28T12:50:59+00:00\" \/>\n<meta property=\"og:image\" content=\"https:\/\/universidadpyme.fundae.es\/cordoba\/wp-content\/uploads\/2024\/02\/onda-cero-foto-web-2.png\" \/>\n\t<meta property=\"og:image:width\" content=\"1280\" \/>\n\t<meta property=\"og:image:height\" content=\"720\" \/>\n\t<meta property=\"og:image:type\" content=\"image\/png\" \/>\n<meta name=\"author\" content=\"masanpar\" \/>\n<meta name=\"twitter:card\" content=\"summary_large_image\" \/>\n<meta name=\"twitter:label1\" content=\"Escrito por\" \/>\n\t<meta name=\"twitter:data1\" content=\"masanpar\" \/>\n\t<meta name=\"twitter:label2\" content=\"Tiempo de lectura\" \/>\n\t<meta name=\"twitter:data2\" content=\"1 minuto\" \/>\n<script type=\"application\/ld+json\" class=\"yoast-schema-graph\">{\"@context\":\"https:\/\/schema.org\",\"@graph\":[{\"@type\":\"WebPage\",\"@id\":\"https:\/\/universidadpyme.fundae.es\/cordoba\/2024\/02\/21\/mas-de-uno-cordoba-21-02-24\/\",\"url\":\"https:\/\/universidadpyme.fundae.es\/cordoba\/2024\/02\/21\/mas-de-uno-cordoba-21-02-24\/\",\"name\":\"M\u00e1s de uno C\u00f3rdoba 21\/02\/24 - Universidad PYME C\u00f3rdoba\",\"isPartOf\":{\"@id\":\"https:\/\/universidadpyme.fundae.es\/cordoba\/#website\"},\"primaryImageOfPage\":{\"@id\":\"https:\/\/universidadpyme.fundae.es\/cordoba\/2024\/02\/21\/mas-de-uno-cordoba-21-02-24\/#primaryimage\"},\"image\":{\"@id\":\"https:\/\/universidadpyme.fundae.es\/cordoba\/2024\/02\/21\/mas-de-uno-cordoba-21-02-24\/#primaryimage\"},\"thumbnailUrl\":\"https:\/\/universidadpyme.fundae.es\/cordoba\/wp-content\/uploads\/2024\/02\/onda-cero-foto-web-2.png\",\"datePublished\":\"2024-02-21T14:43:15+00:00\",\"dateModified\":\"2024-02-28T12:50:59+00:00\",\"author\":{\"@id\":\"https:\/\/universidadpyme.fundae.es\/cordoba\/#\/schema\/person\/9e7a0d89eff211453d34e8fdc1be91c5\"},\"breadcrumb\":{\"@id\":\"https:\/\/universidadpyme.fundae.es\/cordoba\/2024\/02\/21\/mas-de-uno-cordoba-21-02-24\/#breadcrumb\"},\"inLanguage\":\"es\",\"potentialAction\":[{\"@type\":\"ReadAction\",\"target\":[\"https:\/\/universidadpyme.fundae.es\/cordoba\/2024\/02\/21\/mas-de-uno-cordoba-21-02-24\/\"]}]},{\"@type\":\"ImageObject\",\"inLanguage\":\"es\",\"@id\":\"https:\/\/universidadpyme.fundae.es\/cordoba\/2024\/02\/21\/mas-de-uno-cordoba-21-02-24\/#primaryimage\",\"url\":\"https:\/\/universidadpyme.fundae.es\/cordoba\/wp-content\/uploads\/2024\/02\/onda-cero-foto-web-2.png\",\"contentUrl\":\"https:\/\/universidadpyme.fundae.es\/cordoba\/wp-content\/uploads\/2024\/02\/onda-cero-foto-web-2.png\",\"width\":1280,\"height\":720},{\"@type\":\"BreadcrumbList\",\"@id\":\"https:\/\/universidadpyme.fundae.es\/cordoba\/2024\/02\/21\/mas-de-uno-cordoba-21-02-24\/#breadcrumb\",\"itemListElement\":[{\"@type\":\"ListItem\",\"position\":1,\"name\":\"Portada\",\"item\":\"https:\/\/universidadpyme.fundae.es\/cordoba\/\"},{\"@type\":\"ListItem\",\"position\":2,\"name\":\"M\u00e1s de uno C\u00f3rdoba 21\/02\/24\"}]},{\"@type\":\"WebSite\",\"@id\":\"https:\/\/universidadpyme.fundae.es\/cordoba\/#website\",\"url\":\"https:\/\/universidadpyme.fundae.es\/cordoba\/\",\"name\":\"Universidad PYME C\u00f3rdoba\",\"description\":\"Otro sitio realizado con WordPress\",\"potentialAction\":[{\"@type\":\"SearchAction\",\"target\":{\"@type\":\"EntryPoint\",\"urlTemplate\":\"https:\/\/universidadpyme.fundae.es\/cordoba\/?s={search_term_string}\"},\"query-input\":\"required name=search_term_string\"}],\"inLanguage\":\"es\"},{\"@type\":\"Person\",\"@id\":\"https:\/\/universidadpyme.fundae.es\/cordoba\/#\/schema\/person\/9e7a0d89eff211453d34e8fdc1be91c5\",\"name\":\"masanpar\",\"image\":{\"@type\":\"ImageObject\",\"inLanguage\":\"es\",\"@id\":\"https:\/\/universidadpyme.fundae.es\/cordoba\/#\/schema\/person\/image\/\",\"url\":\"https:\/\/secure.gravatar.com\/avatar\/828550a18f5db20181edd0945478aaa1ffc54383857d02ec9b53420b716e095f?s=96&d=mm&r=g\",\"contentUrl\":\"https:\/\/secure.gravatar.com\/avatar\/828550a18f5db20181edd0945478aaa1ffc54383857d02ec9b53420b716e095f?s=96&d=mm&r=g\",\"caption\":\"masanpar\"},\"sameAs\":[\"http:\/\/universidadpyme.fundae.es\/aragon\"],\"url\":\"https:\/\/universidadpyme.fundae.es\/cordoba\/author\/masanpar\/\"}]}<\/script>\n<!-- \/ Yoast SEO plugin. -->","yoast_head_json":{"title":"M\u00e1s de uno C\u00f3rdoba 21\/02\/24 - Universidad PYME C\u00f3rdoba","robots":{"index":"index","follow":"follow","max-snippet":"max-snippet:-1","max-image-preview":"max-image-preview:large","max-video-preview":"max-video-preview:-1"},"canonical":"https:\/\/universidadpyme.fundae.es\/cordoba\/2024\/02\/21\/mas-de-uno-cordoba-21-02-24\/","og_locale":"es_ES","og_type":"article","og_title":"M\u00e1s de uno C\u00f3rdoba 21\/02\/24 - Universidad PYME C\u00f3rdoba","og_description":"[vc_row][vc_column width=\u00bb1\/6&#8243;][\/vc_column][vc_column width=\u00bb2\/3&#8243;][vc_column_text]21\/02\/2024 M\u00e1s de uno C\u00f3rdoba.\u00a0 Onda Cero &#8211; Especial desde el Palacio de Congresos de C\u00f3rdoba con motivo del evento Universidad Pyme de Fundae dentro del encuentro Sembrando futuro. Adem\u00e1s, libros, m\u00fasica, toros, solidaridad y turismo. Incluso, unas pinceladas de deporte[\/vc_column_text][vc_empty_space height=\u00bb50&#8243;][\/vc_column][vc_column width=\u00bb1\/6&#8243;][\/vc_column][\/vc_row]","og_url":"https:\/\/universidadpyme.fundae.es\/cordoba\/2024\/02\/21\/mas-de-uno-cordoba-21-02-24\/","og_site_name":"Universidad PYME C\u00f3rdoba","article_published_time":"2024-02-21T14:43:15+00:00","article_modified_time":"2024-02-28T12:50:59+00:00","og_image":[{"width":1280,"height":720,"url":"https:\/\/universidadpyme.fundae.es\/cordoba\/wp-content\/uploads\/2024\/02\/onda-cero-foto-web-2.png","type":"image\/png"}],"author":"masanpar","twitter_card":"summary_large_image","twitter_misc":{"Escrito por":"masanpar","Tiempo de lectura":"1 minuto"},"schema":{"@context":"https:\/\/schema.org","@graph":[{"@type":"WebPage","@id":"https:\/\/universidadpyme.fundae.es\/cordoba\/2024\/02\/21\/mas-de-uno-cordoba-21-02-24\/","url":"https:\/\/universidadpyme.fundae.es\/cordoba\/2024\/02\/21\/mas-de-uno-cordoba-21-02-24\/","name":"M\u00e1s de uno C\u00f3rdoba 21\/02\/24 - Universidad PYME C\u00f3rdoba","isPartOf":{"@id":"https:\/\/universidadpyme.fundae.es\/cordoba\/#website"},"primaryImageOfPage":{"@id":"https:\/\/universidadpyme.fundae.es\/cordoba\/2024\/02\/21\/mas-de-uno-cordoba-21-02-24\/#primaryimage"},"image":{"@id":"https:\/\/universidadpyme.fundae.es\/cordoba\/2024\/02\/21\/mas-de-uno-cordoba-21-02-24\/#primaryimage"},"thumbnailUrl":"https:\/\/universidadpyme.fundae.es\/cordoba\/wp-content\/uploads\/2024\/02\/onda-cero-foto-web-2.png","datePublished":"2024-02-21T14:43:15+00:00","dateModified":"2024-02-28T12:50:59+00:00","author":{"@id":"https:\/\/universidadpyme.fundae.es\/cordoba\/#\/schema\/person\/9e7a0d89eff211453d34e8fdc1be91c5"},"breadcrumb":{"@id":"https:\/\/universidadpyme.fundae.es\/cordoba\/2024\/02\/21\/mas-de-uno-cordoba-21-02-24\/#breadcrumb"},"inLanguage":"es","potentialAction":[{"@type":"ReadAction","target":["https:\/\/universidadpyme.fundae.es\/cordoba\/2024\/02\/21\/mas-de-uno-cordoba-21-02-24\/"]}]},{"@type":"ImageObject","inLanguage":"es","@id":"https:\/\/universidadpyme.fundae.es\/cordoba\/2024\/02\/21\/mas-de-uno-cordoba-21-02-24\/#primaryimage","url":"https:\/\/universidadpyme.fundae.es\/cordoba\/wp-content\/uploads\/2024\/02\/onda-cero-foto-web-2.png","contentUrl":"https:\/\/universidadpyme.fundae.es\/cordoba\/wp-content\/uploads\/2024\/02\/onda-cero-foto-web-2.png","width":1280,"height":720},{"@type":"BreadcrumbList","@id":"https:\/\/universidadpyme.fundae.es\/cordoba\/2024\/02\/21\/mas-de-uno-cordoba-21-02-24\/#breadcrumb","itemListElement":[{"@type":"ListItem","position":1,"name":"Portada","item":"https:\/\/universidadpyme.fundae.es\/cordoba\/"},{"@type":"ListItem","position":2,"name":"M\u00e1s de uno C\u00f3rdoba 21\/02\/24"}]},{"@type":"WebSite","@id":"https:\/\/universidadpyme.fundae.es\/cordoba\/#website","url":"https:\/\/universidadpyme.fundae.es\/cordoba\/","name":"Universidad PYME C\u00f3rdoba","description":"Otro sitio realizado con WordPress","potentialAction":[{"@type":"SearchAction","target":{"@type":"EntryPoint","urlTemplate":"https:\/\/universidadpyme.fundae.es\/cordoba\/?s={search_term_string}"},"query-input":"required name=search_term_string"}],"inLanguage":"es"},{"@type":"Person","@id":"https:\/\/universidadpyme.fundae.es\/cordoba\/#\/schema\/person\/9e7a0d89eff211453d34e8fdc1be91c5","name":"masanpar","image":{"@type":"ImageObject","inLanguage":"es","@id":"https:\/\/universidadpyme.fundae.es\/cordoba\/#\/schema\/person\/image\/","url":"https:\/\/secure.gravatar.com\/avatar\/828550a18f5db20181edd0945478aaa1ffc54383857d02ec9b53420b716e095f?s=96&d=mm&r=g","contentUrl":"https:\/\/secure.gravatar.com\/avatar\/828550a18f5db20181edd0945478aaa1ffc54383857d02ec9b53420b716e095f?s=96&d=mm&r=g","caption":"masanpar"},"sameAs":["http:\/\/universidadpyme.fundae.es\/aragon"],"url":"https:\/\/universidadpyme.fundae.es\/cordoba\/author\/masanpar\/"}]}},"_links":{"self":[{"href":"https:\/\/universidadpyme.fundae.es\/cordoba\/wp-json\/wp\/v2\/posts\/5119","targetHints":{"allow":["GET"]}}],"collection":[{"href":"https:\/\/universidadpyme.fundae.es\/cordoba\/wp-json\/wp\/v2\/posts"}],"about":[{"href":"https:\/\/universidadpyme.fundae.es\/cordoba\/wp-json\/wp\/v2\/types\/post"}],"author":[{"embeddable":true,"href":"https:\/\/universidadpyme.fundae.es\/cordoba\/wp-json\/wp\/v2\/users\/1"}],"replies":[{"embeddable":true,"href":"https:\/\/universidadpyme.fundae.es\/cordoba\/wp-json\/wp\/v2\/comments?post=5119"}],"version-history":[{"count":1,"href":"https:\/\/universidadpyme.fundae.es\/cordoba\/wp-json\/wp\/v2\/posts\/5119\/revisions"}],"predecessor-version":[{"id":5120,"href":"https:\/\/universidadpyme.fundae.es\/cordoba\/wp-json\/wp\/v2\/posts\/5119\/revisions\/5120"}],"wp:featuredmedia":[{"embeddable":true,"href":"https:\/\/universidadpyme.fundae.es\/cordoba\/wp-json\/wp\/v2\/media\/5121"}],"wp:attachment":[{"href":"https:\/\/universidadpyme.fundae.es\/cordoba\/wp-json\/wp\/v2\/media?parent=5119"}],"wp:term":[{"taxonomy":"category","embeddable":true,"href":"https:\/\/universidadpyme.fundae.es\/cordoba\/wp-json\/wp\/v2\/categories?post=5119"},{"taxonomy":"post_tag","embeddable":true,"href":"https:\/\/universidadpyme.fundae.es\/cordoba\/wp-json\/wp\/v2\/tags?post=5119"}],"curies":[{"name":"wp","href":"https:\/\/api.w.org\/{rel}","templated":true}]}}