{"id":5126,"date":"2024-02-22T16:56:02","date_gmt":"2024-02-22T16:56:02","guid":{"rendered":"https:\/\/universidadpyme.fundae.es\/cordoba\/?p=5126"},"modified":"2024-02-28T12:58:29","modified_gmt":"2024-02-28T12:58:29","slug":"ugt-fica-participa-en-una-nueva-edicion-del-proyecto-universidad-pyme","status":"publish","type":"post","link":"https:\/\/universidadpyme.fundae.es\/cordoba\/2024\/02\/22\/ugt-fica-participa-en-una-nueva-edicion-del-proyecto-universidad-pyme\/","title":{"rendered":"UGT FICA participa en una nueva edici\u00f3n del proyecto Universidad-Pyme"},"content":{"rendered":"<section class=\"wpb-content-wrapper\"><p>[vc_row][vc_column width=\u00bb1\/6&#8243;][\/vc_column][vc_column width=\u00bb2\/3&#8243;][vc_column_text]22\/02\/2024 Ugt-Fica.org &#8211;<\/p>\n<h4>La secretaria de Formaci\u00f3n y Cualificaci\u00f3n Sindical, Nuria Perez, ha intervenido en la clausura de las jornadas celebradas en C\u00f3rdoba organizadas por la\u00a0Fundaci\u00f3n Estatal para la Formaci\u00f3n en el Empleo (Fundae), en colaboraci\u00f3n con el Servicio P\u00fablico de Empleo Estatal (SEPE) y la Junta de Andaluc\u00eda<\/h4>\n<p>La secretaria de Formaci\u00f3n y Cualificaci\u00f3n Sindical de UGT FICA, Nuria Perez, y representante de UGT en Fundae, ha intervenido hoy en el acto del clausura de una nueva edici\u00f3n del proyecto Universidad-Pyme que organiza (Fundae) y que en esta ocasi\u00f3n se ha desarrollado en el Palacio de Congresos de C\u00f3rdoba con el lema \u00abSembramos futuro. Digitalizaci\u00f3n, Formaci\u00f3n y Empleo Agrario\u00bb. El proyecto tiene por finalidad impulsar la transformaci\u00f3n digital entre las pymes, aut\u00f3nomos y emprendedores del sector agr\u00edcola, poniendo a su disposici\u00f3n nuevos recursos digitales y formativos. De hecho, Fundae cuenta en la actualidad con 1.500 recursos formativos abiertos para la poblaci\u00f3n (m\u00e1s de un mill\u00f3n de plazas a lo largo del a\u00f1o) para abordar el proceso de la digitalizaci\u00f3n que se est\u00e1 produciendo ya en todos los sectores, incluido el agrario.<\/p>\n<div>\n<h3>En su intervenci\u00f3n, Nuria P\u00e9rez, ha se\u00f1alado que la digitalizaci\u00f3n \u00abesta mejorando la precisi\u00f3n y eficacia de las pr\u00e1cticas agr\u00edcolas\u00bb. En concreto, la agricultura de precisi\u00f3n, que implica el uso de tecnolog\u00edas como el GPS y los sistemas de guiado autom\u00e1tico, permite a los agricultores optimizar la distribuci\u00f3n de semillas y de productos qu\u00edmicos, minimizando el desperdicio y maximizando los rendimientos. De ah\u00ed que la digitalizaci\u00f3n est\u00e9 abriendo nuevas oportunidades en el mercado agr\u00edcola.<\/h3>\n<h3>Adem\u00e1s, la automatizaci\u00f3n de las tareas agr\u00edcolas, como el uso de robots y maquinaria aut\u00f3noma, est\u00e1 aumentando la productividad y reduciendo la dependencia de la mano de obra en un sector que se caracteriza por el envejecimiento de sus trabajadores y la falta de relevo generacional, y por una importante brecha digital.<\/h3>\n<h3>En este contexto de cambio, la formaci\u00f3n juega un papel crucial para adquirir competencias digitales y verdes mediante programas de formaci\u00f3n, esenciales para mantener la empleabilidad en un sector en constante transformaci\u00f3n.<\/h3>\n<h3>Como destac\u00f3 Nuria P\u00e9rez, \u00ablos trabajadores y trabajadoras agrarios est\u00e1n siendo los grandes olvidados en esta transici\u00f3n agr\u00edcola\u00bb, por lo que la formaci\u00f3n se constituye como una herramienta esencial \u00abpara\u00a0no dejar a nadie atr\u00e1s\u00bb. Por ello es imprescindible que los trabajadores puedan ejercer el derecho a la formaci\u00f3n y promoci\u00f3n profesionales a trav\u00e9s de una legislaci\u00f3n y acuerdos que desarrollen este derecho.<\/h3>\n<h3>A este respecto, defendi\u00f3 como necesarias una nueva Ley de Formaci\u00f3n en el Trabajo y sobre todo, un Convenio General del Sector Agrario para que la digitalizaci\u00f3n y la mecanizaci\u00f3n se instalen de forma justa en el sector del campo.<\/h3>\n<\/div>\n<p>[\/vc_column_text][vc_empty_space height=\u00bb50&#8243;][\/vc_column][vc_column width=\u00bb1\/6&#8243;][\/vc_column][\/vc_row]<\/p>\n<\/section>","protected":false},"excerpt":{"rendered":"<p>[vc_row][vc_column width=\u00bb1\/6&#8243;][\/vc_column][vc_column width=\u00bb2\/3&#8243;][vc_column_text]22\/02\/2024 Ugt-Fica.org &#8211; La secretaria de Formaci\u00f3n y Cualificaci\u00f3n Sindical, Nuria Perez, ha intervenido en la clausura de las jornadas celebradas en C\u00f3rdoba organizadas por la\u00a0Fundaci\u00f3n Estatal para la Formaci\u00f3n en el Empleo (Fundae), en colaboraci\u00f3n con el Servicio P\u00fablico de Empleo Estatal (SEPE) y la Junta de Andaluc\u00eda La secretaria de Formaci\u00f3n&hellip;<\/p>\n","protected":false},"author":1,"featured_media":5127,"comment_status":"closed","ping_status":"closed","sticky":false,"template":"template-microsite.php","format":"standard","meta":{"footnotes":""},"categories":[1],"tags":[],"class_list":["post-5126","post","type-post","status-publish","format-standard","has-post-thumbnail","hentry","category-sin-categoria","category-1","description-off"],"yoast_head":"<!-- This site is optimized with the Yoast SEO plugin v22.5 - https:\/\/yoast.com\/wordpress\/plugins\/seo\/ -->\n<title>UGT FICA participa en una nueva edici\u00f3n del proyecto Universidad-Pyme - Universidad PYME C\u00f3rdoba<\/title>\n<meta name=\"robots\" content=\"index, follow, max-snippet:-1, max-image-preview:large, max-video-preview:-1\" \/>\n<link rel=\"canonical\" href=\"https:\/\/universidadpyme.fundae.es\/cordoba\/2024\/02\/22\/ugt-fica-participa-en-una-nueva-edicion-del-proyecto-universidad-pyme\/\" \/>\n<meta property=\"og:locale\" content=\"es_ES\" \/>\n<meta property=\"og:type\" content=\"article\" \/>\n<meta property=\"og:title\" content=\"UGT FICA participa en una nueva edici\u00f3n del proyecto Universidad-Pyme - Universidad PYME C\u00f3rdoba\" \/>\n<meta property=\"og:description\" content=\"[vc_row][vc_column width=\u00bb1\/6&#8243;][\/vc_column][vc_column width=\u00bb2\/3&#8243;][vc_column_text]22\/02\/2024 Ugt-Fica.org &#8211; La secretaria de Formaci\u00f3n y Cualificaci\u00f3n Sindical, Nuria Perez, ha intervenido en la clausura de las jornadas celebradas en C\u00f3rdoba organizadas por la\u00a0Fundaci\u00f3n Estatal para la Formaci\u00f3n en el Empleo (Fundae), en colaboraci\u00f3n con el Servicio P\u00fablico de Empleo Estatal (SEPE) y la Junta de Andaluc\u00eda La secretaria de Formaci\u00f3n&hellip;\" \/>\n<meta property=\"og:url\" content=\"https:\/\/universidadpyme.fundae.es\/cordoba\/2024\/02\/22\/ugt-fica-participa-en-una-nueva-edicion-del-proyecto-universidad-pyme\/\" \/>\n<meta property=\"og:site_name\" content=\"Universidad PYME C\u00f3rdoba\" \/>\n<meta property=\"article:published_time\" content=\"2024-02-22T16:56:02+00:00\" \/>\n<meta property=\"article:modified_time\" content=\"2024-02-28T12:58:29+00:00\" \/>\n<meta property=\"og:image\" content=\"https:\/\/universidadpyme.fundae.es\/cordoba\/wp-content\/uploads\/2024\/02\/220224_Jornadas_Universidad_Pyme.jpg\" \/>\n\t<meta property=\"og:image:width\" content=\"567\" \/>\n\t<meta property=\"og:image:height\" content=\"425\" \/>\n\t<meta property=\"og:image:type\" content=\"image\/jpeg\" \/>\n<meta name=\"author\" content=\"masanpar\" \/>\n<meta name=\"twitter:card\" content=\"summary_large_image\" \/>\n<meta name=\"twitter:label1\" content=\"Escrito por\" \/>\n\t<meta name=\"twitter:data1\" content=\"masanpar\" \/>\n\t<meta name=\"twitter:label2\" content=\"Tiempo de lectura\" \/>\n\t<meta name=\"twitter:data2\" content=\"3 minutos\" \/>\n<script type=\"application\/ld+json\" class=\"yoast-schema-graph\">{\"@context\":\"https:\/\/schema.org\",\"@graph\":[{\"@type\":\"WebPage\",\"@id\":\"https:\/\/universidadpyme.fundae.es\/cordoba\/2024\/02\/22\/ugt-fica-participa-en-una-nueva-edicion-del-proyecto-universidad-pyme\/\",\"url\":\"https:\/\/universidadpyme.fundae.es\/cordoba\/2024\/02\/22\/ugt-fica-participa-en-una-nueva-edicion-del-proyecto-universidad-pyme\/\",\"name\":\"UGT FICA participa en una nueva edici\u00f3n del proyecto Universidad-Pyme - Universidad PYME C\u00f3rdoba\",\"isPartOf\":{\"@id\":\"https:\/\/universidadpyme.fundae.es\/cordoba\/#website\"},\"primaryImageOfPage\":{\"@id\":\"https:\/\/universidadpyme.fundae.es\/cordoba\/2024\/02\/22\/ugt-fica-participa-en-una-nueva-edicion-del-proyecto-universidad-pyme\/#primaryimage\"},\"image\":{\"@id\":\"https:\/\/universidadpyme.fundae.es\/cordoba\/2024\/02\/22\/ugt-fica-participa-en-una-nueva-edicion-del-proyecto-universidad-pyme\/#primaryimage\"},\"thumbnailUrl\":\"https:\/\/universidadpyme.fundae.es\/cordoba\/wp-content\/uploads\/2024\/02\/220224_Jornadas_Universidad_Pyme.jpg\",\"datePublished\":\"2024-02-22T16:56:02+00:00\",\"dateModified\":\"2024-02-28T12:58:29+00:00\",\"author\":{\"@id\":\"https:\/\/universidadpyme.fundae.es\/cordoba\/#\/schema\/person\/9e7a0d89eff211453d34e8fdc1be91c5\"},\"breadcrumb\":{\"@id\":\"https:\/\/universidadpyme.fundae.es\/cordoba\/2024\/02\/22\/ugt-fica-participa-en-una-nueva-edicion-del-proyecto-universidad-pyme\/#breadcrumb\"},\"inLanguage\":\"es\",\"potentialAction\":[{\"@type\":\"ReadAction\",\"target\":[\"https:\/\/universidadpyme.fundae.es\/cordoba\/2024\/02\/22\/ugt-fica-participa-en-una-nueva-edicion-del-proyecto-universidad-pyme\/\"]}]},{\"@type\":\"ImageObject\",\"inLanguage\":\"es\",\"@id\":\"https:\/\/universidadpyme.fundae.es\/cordoba\/2024\/02\/22\/ugt-fica-participa-en-una-nueva-edicion-del-proyecto-universidad-pyme\/#primaryimage\",\"url\":\"https:\/\/universidadpyme.fundae.es\/cordoba\/wp-content\/uploads\/2024\/02\/220224_Jornadas_Universidad_Pyme.jpg\",\"contentUrl\":\"https:\/\/universidadpyme.fundae.es\/cordoba\/wp-content\/uploads\/2024\/02\/220224_Jornadas_Universidad_Pyme.jpg\",\"width\":567,\"height\":425},{\"@type\":\"BreadcrumbList\",\"@id\":\"https:\/\/universidadpyme.fundae.es\/cordoba\/2024\/02\/22\/ugt-fica-participa-en-una-nueva-edicion-del-proyecto-universidad-pyme\/#breadcrumb\",\"itemListElement\":[{\"@type\":\"ListItem\",\"position\":1,\"name\":\"Portada\",\"item\":\"https:\/\/universidadpyme.fundae.es\/cordoba\/\"},{\"@type\":\"ListItem\",\"position\":2,\"name\":\"UGT FICA participa en una nueva edici\u00f3n del proyecto Universidad-Pyme\"}]},{\"@type\":\"WebSite\",\"@id\":\"https:\/\/universidadpyme.fundae.es\/cordoba\/#website\",\"url\":\"https:\/\/universidadpyme.fundae.es\/cordoba\/\",\"name\":\"Universidad PYME C\u00f3rdoba\",\"description\":\"Otro sitio realizado con WordPress\",\"potentialAction\":[{\"@type\":\"SearchAction\",\"target\":{\"@type\":\"EntryPoint\",\"urlTemplate\":\"https:\/\/universidadpyme.fundae.es\/cordoba\/?s={search_term_string}\"},\"query-input\":\"required name=search_term_string\"}],\"inLanguage\":\"es\"},{\"@type\":\"Person\",\"@id\":\"https:\/\/universidadpyme.fundae.es\/cordoba\/#\/schema\/person\/9e7a0d89eff211453d34e8fdc1be91c5\",\"name\":\"masanpar\",\"image\":{\"@type\":\"ImageObject\",\"inLanguage\":\"es\",\"@id\":\"https:\/\/universidadpyme.fundae.es\/cordoba\/#\/schema\/person\/image\/\",\"url\":\"https:\/\/secure.gravatar.com\/avatar\/828550a18f5db20181edd0945478aaa1ffc54383857d02ec9b53420b716e095f?s=96&d=mm&r=g\",\"contentUrl\":\"https:\/\/secure.gravatar.com\/avatar\/828550a18f5db20181edd0945478aaa1ffc54383857d02ec9b53420b716e095f?s=96&d=mm&r=g\",\"caption\":\"masanpar\"},\"sameAs\":[\"http:\/\/universidadpyme.fundae.es\/aragon\"],\"url\":\"https:\/\/universidadpyme.fundae.es\/cordoba\/author\/masanpar\/\"}]}<\/script>\n<!-- \/ Yoast SEO plugin. -->","yoast_head_json":{"title":"UGT FICA participa en una nueva edici\u00f3n del proyecto Universidad-Pyme - Universidad PYME C\u00f3rdoba","robots":{"index":"index","follow":"follow","max-snippet":"max-snippet:-1","max-image-preview":"max-image-preview:large","max-video-preview":"max-video-preview:-1"},"canonical":"https:\/\/universidadpyme.fundae.es\/cordoba\/2024\/02\/22\/ugt-fica-participa-en-una-nueva-edicion-del-proyecto-universidad-pyme\/","og_locale":"es_ES","og_type":"article","og_title":"UGT FICA participa en una nueva edici\u00f3n del proyecto Universidad-Pyme - Universidad PYME C\u00f3rdoba","og_description":"[vc_row][vc_column width=\u00bb1\/6&#8243;][\/vc_column][vc_column width=\u00bb2\/3&#8243;][vc_column_text]22\/02\/2024 Ugt-Fica.org &#8211; La secretaria de Formaci\u00f3n y Cualificaci\u00f3n Sindical, Nuria Perez, ha intervenido en la clausura de las jornadas celebradas en C\u00f3rdoba organizadas por la\u00a0Fundaci\u00f3n Estatal para la Formaci\u00f3n en el Empleo (Fundae), en colaboraci\u00f3n con el Servicio P\u00fablico de Empleo Estatal (SEPE) y la Junta de Andaluc\u00eda La secretaria de Formaci\u00f3n&hellip;","og_url":"https:\/\/universidadpyme.fundae.es\/cordoba\/2024\/02\/22\/ugt-fica-participa-en-una-nueva-edicion-del-proyecto-universidad-pyme\/","og_site_name":"Universidad PYME C\u00f3rdoba","article_published_time":"2024-02-22T16:56:02+00:00","article_modified_time":"2024-02-28T12:58:29+00:00","og_image":[{"width":567,"height":425,"url":"https:\/\/universidadpyme.fundae.es\/cordoba\/wp-content\/uploads\/2024\/02\/220224_Jornadas_Universidad_Pyme.jpg","type":"image\/jpeg"}],"author":"masanpar","twitter_card":"summary_large_image","twitter_misc":{"Escrito por":"masanpar","Tiempo de lectura":"3 minutos"},"schema":{"@context":"https:\/\/schema.org","@graph":[{"@type":"WebPage","@id":"https:\/\/universidadpyme.fundae.es\/cordoba\/2024\/02\/22\/ugt-fica-participa-en-una-nueva-edicion-del-proyecto-universidad-pyme\/","url":"https:\/\/universidadpyme.fundae.es\/cordoba\/2024\/02\/22\/ugt-fica-participa-en-una-nueva-edicion-del-proyecto-universidad-pyme\/","name":"UGT FICA participa en una nueva edici\u00f3n del proyecto Universidad-Pyme - Universidad PYME C\u00f3rdoba","isPartOf":{"@id":"https:\/\/universidadpyme.fundae.es\/cordoba\/#website"},"primaryImageOfPage":{"@id":"https:\/\/universidadpyme.fundae.es\/cordoba\/2024\/02\/22\/ugt-fica-participa-en-una-nueva-edicion-del-proyecto-universidad-pyme\/#primaryimage"},"image":{"@id":"https:\/\/universidadpyme.fundae.es\/cordoba\/2024\/02\/22\/ugt-fica-participa-en-una-nueva-edicion-del-proyecto-universidad-pyme\/#primaryimage"},"thumbnailUrl":"https:\/\/universidadpyme.fundae.es\/cordoba\/wp-content\/uploads\/2024\/02\/220224_Jornadas_Universidad_Pyme.jpg","datePublished":"2024-02-22T16:56:02+00:00","dateModified":"2024-02-28T12:58:29+00:00","author":{"@id":"https:\/\/universidadpyme.fundae.es\/cordoba\/#\/schema\/person\/9e7a0d89eff211453d34e8fdc1be91c5"},"breadcrumb":{"@id":"https:\/\/universidadpyme.fundae.es\/cordoba\/2024\/02\/22\/ugt-fica-participa-en-una-nueva-edicion-del-proyecto-universidad-pyme\/#breadcrumb"},"inLanguage":"es","potentialAction":[{"@type":"ReadAction","target":["https:\/\/universidadpyme.fundae.es\/cordoba\/2024\/02\/22\/ugt-fica-participa-en-una-nueva-edicion-del-proyecto-universidad-pyme\/"]}]},{"@type":"ImageObject","inLanguage":"es","@id":"https:\/\/universidadpyme.fundae.es\/cordoba\/2024\/02\/22\/ugt-fica-participa-en-una-nueva-edicion-del-proyecto-universidad-pyme\/#primaryimage","url":"https:\/\/universidadpyme.fundae.es\/cordoba\/wp-content\/uploads\/2024\/02\/220224_Jornadas_Universidad_Pyme.jpg","contentUrl":"https:\/\/universidadpyme.fundae.es\/cordoba\/wp-content\/uploads\/2024\/02\/220224_Jornadas_Universidad_Pyme.jpg","width":567,"height":425},{"@type":"BreadcrumbList","@id":"https:\/\/universidadpyme.fundae.es\/cordoba\/2024\/02\/22\/ugt-fica-participa-en-una-nueva-edicion-del-proyecto-universidad-pyme\/#breadcrumb","itemListElement":[{"@type":"ListItem","position":1,"name":"Portada","item":"https:\/\/universidadpyme.fundae.es\/cordoba\/"},{"@type":"ListItem","position":2,"name":"UGT FICA participa en una nueva edici\u00f3n del proyecto Universidad-Pyme"}]},{"@type":"WebSite","@id":"https:\/\/universidadpyme.fundae.es\/cordoba\/#website","url":"https:\/\/universidadpyme.fundae.es\/cordoba\/","name":"Universidad PYME C\u00f3rdoba","description":"Otro sitio realizado con WordPress","potentialAction":[{"@type":"SearchAction","target":{"@type":"EntryPoint","urlTemplate":"https:\/\/universidadpyme.fundae.es\/cordoba\/?s={search_term_string}"},"query-input":"required name=search_term_string"}],"inLanguage":"es"},{"@type":"Person","@id":"https:\/\/universidadpyme.fundae.es\/cordoba\/#\/schema\/person\/9e7a0d89eff211453d34e8fdc1be91c5","name":"masanpar","image":{"@type":"ImageObject","inLanguage":"es","@id":"https:\/\/universidadpyme.fundae.es\/cordoba\/#\/schema\/person\/image\/","url":"https:\/\/secure.gravatar.com\/avatar\/828550a18f5db20181edd0945478aaa1ffc54383857d02ec9b53420b716e095f?s=96&d=mm&r=g","contentUrl":"https:\/\/secure.gravatar.com\/avatar\/828550a18f5db20181edd0945478aaa1ffc54383857d02ec9b53420b716e095f?s=96&d=mm&r=g","caption":"masanpar"},"sameAs":["http:\/\/universidadpyme.fundae.es\/aragon"],"url":"https:\/\/universidadpyme.fundae.es\/cordoba\/author\/masanpar\/"}]}},"_links":{"self":[{"href":"https:\/\/universidadpyme.fundae.es\/cordoba\/wp-json\/wp\/v2\/posts\/5126","targetHints":{"allow":["GET"]}}],"collection":[{"href":"https:\/\/universidadpyme.fundae.es\/cordoba\/wp-json\/wp\/v2\/posts"}],"about":[{"href":"https:\/\/universidadpyme.fundae.es\/cordoba\/wp-json\/wp\/v2\/types\/post"}],"author":[{"embeddable":true,"href":"https:\/\/universidadpyme.fundae.es\/cordoba\/wp-json\/wp\/v2\/users\/1"}],"replies":[{"embeddable":true,"href":"https:\/\/universidadpyme.fundae.es\/cordoba\/wp-json\/wp\/v2\/comments?post=5126"}],"version-history":[{"count":1,"href":"https:\/\/universidadpyme.fundae.es\/cordoba\/wp-json\/wp\/v2\/posts\/5126\/revisions"}],"predecessor-version":[{"id":5128,"href":"https:\/\/universidadpyme.fundae.es\/cordoba\/wp-json\/wp\/v2\/posts\/5126\/revisions\/5128"}],"wp:featuredmedia":[{"embeddable":true,"href":"https:\/\/universidadpyme.fundae.es\/cordoba\/wp-json\/wp\/v2\/media\/5127"}],"wp:attachment":[{"href":"https:\/\/universidadpyme.fundae.es\/cordoba\/wp-json\/wp\/v2\/media?parent=5126"}],"wp:term":[{"taxonomy":"category","embeddable":true,"href":"https:\/\/universidadpyme.fundae.es\/cordoba\/wp-json\/wp\/v2\/categories?post=5126"},{"taxonomy":"post_tag","embeddable":true,"href":"https:\/\/universidadpyme.fundae.es\/cordoba\/wp-json\/wp\/v2\/tags?post=5126"}],"curies":[{"name":"wp","href":"https:\/\/api.w.org\/{rel}","templated":true}]}}